 {"id":27064,"date":"2025-06-29T23:29:15","date_gmt":"2025-06-29T21:29:15","guid":{"rendered":"https:\/\/www.capitolina.com\/wp\/?p=27064"},"modified":"2025-07-01T11:17:41","modified_gmt":"2025-07-01T09:17:41","slug":"imart-2025-che-settimana-pazzesca-per-gli-implaccabili","status":"publish","type":"post","link":"https:\/\/www.capitolina.com\/wp\/imart-2025-che-settimana-pazzesca-per-gli-implaccabili\/","title":{"rendered":"IMART 2025: che settimana pazzesca per gli ImplaccAbili!"},"content":{"rendered":"\n<figure class=\"wp-block-image alignwide size-full\"><img decoding=\"async\" width=\"800\" height=\"400\" src=\"https:\/\/www.capitolina.com\/wp\/wp-content\/uploads\/2025\/06\/ImplaccAbili-@-Pamplona-Mixed-Ability-Rugby-Tournament-IMART-2025-Unione-Rugby-Capitolina-URC-Via-Flaminia-867-Roma.jpg\" alt=\"\" class=\"wp-image-27065\" srcset=\"https:\/\/www.capitolina.com\/wp\/wp-content\/uploads\/2025\/06\/ImplaccAbili-@-Pamplona-Mixed-Ability-Rugby-Tournament-IMART-2025-Unione-Rugby-Capitolina-URC-Via-Flaminia-867-Roma.jpg 800w, https:\/\/www.capitolina.com\/wp\/wp-content\/uploads\/2025\/06\/ImplaccAbili-@-Pamplona-Mixed-Ability-Rugby-Tournament-IMART-2025-Unione-Rugby-Capitolina-URC-Via-Flaminia-867-Roma-300x150.jpg 300w, https:\/\/www.capitolina.com\/wp\/wp-content\/uploads\/2025\/06\/ImplaccAbili-@-Pamplona-Mixed-Ability-Rugby-Tournament-IMART-2025-Unione-Rugby-Capitolina-URC-Via-Flaminia-867-Roma-768x384.jpg 768w\" sizes=\"(max-width: 800px) 100vw, 800px\" \/><\/figure>\n\n\n\n<p>Siamo tornati a casa con gli occhi pieni di immagini, il cuore pieno di emozioni e la testa carica di nuove consapevolezze. Il torneo IMART di Mixed Ability Rugby a Pamplona \u00e8 stato molto pi\u00f9 di un\u2019esperienza sportiva: \u00e8 stata una settimana di crescita, autonomia, condivisione e divertimento.<\/p>\n\n\n\n<p>I nostri ImplaccAbil si sono fermati alle semifinali, sfiorando la finale in una competizione che li ha visti confrontarsi e conoscere ragazzi provenienti da tutto il mondo: Galles, Irlanda, Uruguay, Spagna e molte altre. Partite intense, combattute, giocate con determinazione, ma soprattutto con spirito di squadra e cuore grande. Ma non \u00e8 solo rugby.<\/p>\n\n\n\n<p>I nostri ragazzi hanno vissuto ogni giornata con entusiasmo e impegno: dai momenti di gioco spensierato e risate contagiose nelle strade della citt\u00e0, fino a quelli di massima concentrazione e determinazione in campo, quando bisognava stringere i denti e dare tutto per la squadra.<\/p>\n\n\n\n<p>Abbiamo visto crescere la loro autonomia nel prepararsi, organizzarsi, sostenersi a vicenda e e la loro motivazione personale, che \u00e8 diventata contagiosa. Hanno imparato a credere un po\u2019 di pi\u00f9 in se stessi e negli altri, in un contesto che li ha valorizzati senza etichette n\u00e9 barriere.<\/p>\n\n\n\n<p>E poi\u2026 c\u2019\u00e8 stato il 30\u00b0 compleanno di Matteo, che abbiamo festeggiato come si deve: torta, cori, e una citt\u00e0 intera che sembrava volerci festeggiare con il sole e i colori delle feste di San Firmino alle porte. C\u2019\u00e8 stata la visita allo stadio dell&#8217;Osasuna, improvvisate conferenze stampa degne di grandi eventi internazionali, ed un certo Edoardo, che continua a sostenere (con convinzione) che <em>\u201csenza di me qui non ci saremmo mai arrivati\u201d<\/em>\u2026<\/p>\n\n\n\n<p>Pamplona ci ha accolti con il calore di un grande abbraccio internazionale. Per i nostri ragazzi far parte di un evento come questo significa sentirsi parte attiva di un movimento che parla di inclusione vera, fatta di sport, relazioni e nuove possibilit\u00e0.<\/p>\n\n\n\n<p>Non \u00e8 solo rugby. \u00c8 molto di pi\u00f9. \u00c8 un&#8217;idea di mondo che ci piace.<\/p>\n","protected":false},"excerpt":{"rendered":"<p>Siamo tornati a casa con gli occhi pieni di immagini, il cuore pieno di emozioni e la testa carica di [&hellip;]<\/p>\n","protected":false},"author":5,"featured_media":27065,"comment_status":"closed","ping_status":"closed","sticky":false,"template":"","format":"standard","meta":{"_uag_custom_page_level_css":"","_exactmetrics_skip_tracking":false,"_exactmetrics_sitenote_active":false,"_exactmetrics_sitenote_note":"","_exactmetrics_sitenote_category":0,"site-sidebar-layout":"default","site-content-layout":"","ast-site-content-layout":"default","site-content-style":"default","site-sidebar-style":"default","ast-global-header-display":"","ast-banner-title-visibility":"","ast-main-header-display":"","ast-hfb-above-header-display":"","ast-hfb-below-header-display":"","ast-hfb-mobile-header-display":"","site-post-title":"","ast-breadcrumbs-content":"","ast-featured-img":"","footer-sml-layout":"","ast-disable-related-posts":"","theme-transparent-header-meta":"","adv-header-id-meta":"","stick-header-meta":"","header-above-stick-meta":"","header-main-stick-meta":"","header-below-stick-meta":"","astra-migrate-meta-layouts":"default","ast-page-background-enabled":"default","ast-page-background-meta":{"desktop":{"background-color":"var(--ast-global-color-4)","background-image":"","background-repeat":"repeat","background-position":"center center","background-size":"auto","background-attachment":"scroll","background-type":"","background-media":"","overlay-type":"","overlay-color":"","overlay-opacity":"","overlay-gradient":""},"tablet":{"background-color":"","background-image":"","background-repeat":"repeat","background-position":"center center","background-size":"auto","background-attachment":"scroll","background-type":"","background-media":"","overlay-type":"","overlay-color":"","overlay-opacity":"","overlay-gradient":""},"mobile":{"background-color":"","background-image":"","background-repeat":"repeat","background-position":"center center","background-size":"auto","background-attachment":"scroll","background-type":"","background-media":"","overlay-type":"","overlay-color":"","overlay-opacity":"","overlay-gradient":""}},"ast-content-background-meta":{"desktop":{"background-color":"var(--ast-global-color-5)","background-image":"","background-repeat":"repeat","background-position":"center center","background-size":"auto","background-attachment":"scroll","background-type":"","background-media":"","overlay-type":"","overlay-color":"","overlay-opacity":"","overlay-gradient":""},"tablet":{"background-color":"var(--ast-global-color-5)","background-image":"","background-repeat":"repeat","background-position":"center center","background-size":"auto","background-attachment":"scroll","background-type":"","background-media":"","overlay-type":"","overlay-color":"","overlay-opacity":"","overlay-gradient":""},"mobile":{"background-color":"var(--ast-global-color-5)","background-image":"","background-repeat":"repeat","background-position":"center center","background-size":"auto","background-attachment":"scroll","background-type":"","background-media":"","overlay-type":"","overlay-color":"","overlay-opacity":"","overlay-gradient":""}},"footnotes":""},"categories":[90,92,34],"tags":[],"class_list":["post-27064","post","type-post","status-publish","format-standard","has-post-thumbnail","hentry","category-amatoriale","category-mixar","category-news"],"yoast_head":"<!-- This site is optimized with the Yoast SEO plugin v27.5 - https:\/\/yoast.com\/product\/yoast-seo-wordpress\/ -->\n<title>IMART 2025: che settimana pazzesca per gli ImplaccAbili! - Unione Rugby Capitolina - Il Rugby a Roma dal 1996<\/title>\n<meta name=\"robots\" content=\"index, follow, max-snippet:-1, max-image-preview:large, max-video-preview:-1\" \/>\n<link rel=\"canonical\" href=\"https:\/\/www.capitolina.com\/wp\/imart-2025-che-settimana-pazzesca-per-gli-implaccabili\/\" \/>\n<meta property=\"og:locale\" content=\"it_IT\" \/>\n<meta property=\"og:type\" content=\"article\" \/>\n<meta property=\"og:title\" content=\"IMART 2025: che settimana pazzesca per gli ImplaccAbili! - Unione Rugby Capitolina - Il Rugby a Roma dal 1996\" \/>\n<meta property=\"og:description\" content=\"Siamo tornati a casa con gli occhi pieni di immagini, il cuore pieno di emozioni e la testa carica di [&hellip;]\" \/>\n<meta property=\"og:url\" content=\"https:\/\/www.capitolina.com\/wp\/imart-2025-che-settimana-pazzesca-per-gli-implaccabili\/\" \/>\n<meta property=\"og:site_name\" content=\"Unione Rugby Capitolina - Il Rugby a Roma dal 1996\" \/>\n<meta property=\"article:published_time\" content=\"2025-06-29T21:29:15+00:00\" \/>\n<meta property=\"article:modified_time\" content=\"2025-07-01T09:17:41+00:00\" \/>\n<meta property=\"og:image\" content=\"https:\/\/www.capitolina.com\/wp\/wp-content\/uploads\/2025\/06\/ImplaccAbili-@-Pamplona-Mixed-Ability-Rugby-Tournament-IMART-2025-Unione-Rugby-Capitolina-URC-Via-Flaminia-867-Roma.jpg\" \/>\n\t<meta property=\"og:image:width\" content=\"800\" \/>\n\t<meta property=\"og:image:height\" content=\"400\" \/>\n\t<meta property=\"og:image:type\" content=\"image\/jpeg\" \/>\n<meta name=\"author\" content=\"Alessandro Martire\" \/>\n<meta name=\"twitter:card\" content=\"summary_large_image\" \/>\n<meta name=\"twitter:label1\" content=\"Scritto da\" \/>\n\t<meta name=\"twitter:data1\" content=\"Alessandro Martire\" \/>\n\t<meta name=\"twitter:label2\" content=\"Tempo di lettura stimato\" \/>\n\t<meta name=\"twitter:data2\" content=\"3 minuti\" \/>\n<script type=\"application\/ld+json\" class=\"yoast-schema-graph\">{\"@context\":\"https:\\\/\\\/schema.org\",\"@graph\":[{\"@type\":\"Article\",\"@id\":\"https:\\\/\\\/www.capitolina.com\\\/wp\\\/imart-2025-che-settimana-pazzesca-per-gli-implaccabili\\\/#article\",\"isPartOf\":{\"@id\":\"https:\\\/\\\/www.capitolina.com\\\/wp\\\/imart-2025-che-settimana-pazzesca-per-gli-implaccabili\\\/\"},\"author\":{\"name\":\"Alessandro Martire\",\"@id\":\"https:\\\/\\\/www.capitolina.com\\\/wp\\\/#\\\/schema\\\/person\\\/0dd0670ab7d4379c9388811c4635545f\"},\"headline\":\"IMART 2025: che settimana pazzesca per gli ImplaccAbili!\",\"datePublished\":\"2025-06-29T21:29:15+00:00\",\"dateModified\":\"2025-07-01T09:17:41+00:00\",\"mainEntityOfPage\":{\"@id\":\"https:\\\/\\\/www.capitolina.com\\\/wp\\\/imart-2025-che-settimana-pazzesca-per-gli-implaccabili\\\/\"},\"wordCount\":325,\"publisher\":{\"@id\":\"https:\\\/\\\/www.capitolina.com\\\/wp\\\/#organization\"},\"image\":{\"@id\":\"https:\\\/\\\/www.capitolina.com\\\/wp\\\/imart-2025-che-settimana-pazzesca-per-gli-implaccabili\\\/#primaryimage\"},\"thumbnailUrl\":\"https:\\\/\\\/www.capitolina.com\\\/wp\\\/wp-content\\\/uploads\\\/2025\\\/06\\\/ImplaccAbili-@-Pamplona-Mixed-Ability-Rugby-Tournament-IMART-2025-Unione-Rugby-Capitolina-URC-Via-Flaminia-867-Roma.jpg\",\"articleSection\":[\"Amatoriale\",\"Mixar\",\"News\"],\"inLanguage\":\"it-IT\"},{\"@type\":\"WebPage\",\"@id\":\"https:\\\/\\\/www.capitolina.com\\\/wp\\\/imart-2025-che-settimana-pazzesca-per-gli-implaccabili\\\/\",\"url\":\"https:\\\/\\\/www.capitolina.com\\\/wp\\\/imart-2025-che-settimana-pazzesca-per-gli-implaccabili\\\/\",\"name\":\"IMART 2025: che settimana pazzesca per gli ImplaccAbili! - Unione Rugby Capitolina - Il Rugby a Roma dal 1996\",\"isPartOf\":{\"@id\":\"https:\\\/\\\/www.capitolina.com\\\/wp\\\/#website\"},\"primaryImageOfPage\":{\"@id\":\"https:\\\/\\\/www.capitolina.com\\\/wp\\\/imart-2025-che-settimana-pazzesca-per-gli-implaccabili\\\/#primaryimage\"},\"image\":{\"@id\":\"https:\\\/\\\/www.capitolina.com\\\/wp\\\/imart-2025-che-settimana-pazzesca-per-gli-implaccabili\\\/#primaryimage\"},\"thumbnailUrl\":\"https:\\\/\\\/www.capitolina.com\\\/wp\\\/wp-content\\\/uploads\\\/2025\\\/06\\\/ImplaccAbili-@-Pamplona-Mixed-Ability-Rugby-Tournament-IMART-2025-Unione-Rugby-Capitolina-URC-Via-Flaminia-867-Roma.jpg\",\"datePublished\":\"2025-06-29T21:29:15+00:00\",\"dateModified\":\"2025-07-01T09:17:41+00:00\",\"breadcrumb\":{\"@id\":\"https:\\\/\\\/www.capitolina.com\\\/wp\\\/imart-2025-che-settimana-pazzesca-per-gli-implaccabili\\\/#breadcrumb\"},\"inLanguage\":\"it-IT\",\"potentialAction\":[{\"@type\":\"ReadAction\",\"target\":[\"https:\\\/\\\/www.capitolina.com\\\/wp\\\/imart-2025-che-settimana-pazzesca-per-gli-implaccabili\\\/\"]}]},{\"@type\":\"ImageObject\",\"inLanguage\":\"it-IT\",\"@id\":\"https:\\\/\\\/www.capitolina.com\\\/wp\\\/imart-2025-che-settimana-pazzesca-per-gli-implaccabili\\\/#primaryimage\",\"url\":\"https:\\\/\\\/www.capitolina.com\\\/wp\\\/wp-content\\\/uploads\\\/2025\\\/06\\\/ImplaccAbili-@-Pamplona-Mixed-Ability-Rugby-Tournament-IMART-2025-Unione-Rugby-Capitolina-URC-Via-Flaminia-867-Roma.jpg\",\"contentUrl\":\"https:\\\/\\\/www.capitolina.com\\\/wp\\\/wp-content\\\/uploads\\\/2025\\\/06\\\/ImplaccAbili-@-Pamplona-Mixed-Ability-Rugby-Tournament-IMART-2025-Unione-Rugby-Capitolina-URC-Via-Flaminia-867-Roma.jpg\",\"width\":800,\"height\":400},{\"@type\":\"BreadcrumbList\",\"@id\":\"https:\\\/\\\/www.capitolina.com\\\/wp\\\/imart-2025-che-settimana-pazzesca-per-gli-implaccabili\\\/#breadcrumb\",\"itemListElement\":[{\"@type\":\"ListItem\",\"position\":1,\"name\":\"Home\",\"item\":\"https:\\\/\\\/www.capitolina.com\\\/wp\\\/\"},{\"@type\":\"ListItem\",\"position\":2,\"name\":\"IMART 2025: che settimana pazzesca per gli ImplaccAbili!\"}]},{\"@type\":\"WebSite\",\"@id\":\"https:\\\/\\\/www.capitolina.com\\\/wp\\\/#website\",\"url\":\"https:\\\/\\\/www.capitolina.com\\\/wp\\\/\",\"name\":\"Unione Rugby Capitolina - Il Rugby a Roma dal 1996\",\"description\":\"Il Rugby a Roma dal 1996\",\"publisher\":{\"@id\":\"https:\\\/\\\/www.capitolina.com\\\/wp\\\/#organization\"},\"potentialAction\":[{\"@type\":\"SearchAction\",\"target\":{\"@type\":\"EntryPoint\",\"urlTemplate\":\"https:\\\/\\\/www.capitolina.com\\\/wp\\\/?s={search_term_string}\"},\"query-input\":{\"@type\":\"PropertyValueSpecification\",\"valueRequired\":true,\"valueName\":\"search_term_string\"}}],\"inLanguage\":\"it-IT\"},{\"@type\":\"Organization\",\"@id\":\"https:\\\/\\\/www.capitolina.com\\\/wp\\\/#organization\",\"name\":\"Unione Rugby Capitolina\",\"url\":\"https:\\\/\\\/www.capitolina.com\\\/wp\\\/\",\"logo\":{\"@type\":\"ImageObject\",\"inLanguage\":\"it-IT\",\"@id\":\"https:\\\/\\\/www.capitolina.com\\\/wp\\\/#\\\/schema\\\/logo\\\/image\\\/\",\"url\":\"https:\\\/\\\/www.capitolina.com\\\/wp\\\/wp-content\\\/uploads\\\/2019\\\/09\\\/Logo-URC-tondo-copy2.png\",\"contentUrl\":\"https:\\\/\\\/www.capitolina.com\\\/wp\\\/wp-content\\\/uploads\\\/2019\\\/09\\\/Logo-URC-tondo-copy2.png\",\"width\":360,\"height\":360,\"caption\":\"Unione Rugby Capitolina\"},\"image\":{\"@id\":\"https:\\\/\\\/www.capitolina.com\\\/wp\\\/#\\\/schema\\\/logo\\\/image\\\/\"}},{\"@type\":\"Person\",\"@id\":\"https:\\\/\\\/www.capitolina.com\\\/wp\\\/#\\\/schema\\\/person\\\/0dd0670ab7d4379c9388811c4635545f\",\"name\":\"Alessandro Martire\",\"image\":{\"@type\":\"ImageObject\",\"inLanguage\":\"it-IT\",\"@id\":\"https:\\\/\\\/secure.gravatar.com\\\/avatar\\\/22223e1861dffde7f48d885f9c472f4e36a80800253f17b54d61a202ae8386bf?s=96&d=mm&r=g\",\"url\":\"https:\\\/\\\/secure.gravatar.com\\\/avatar\\\/22223e1861dffde7f48d885f9c472f4e36a80800253f17b54d61a202ae8386bf?s=96&d=mm&r=g\",\"contentUrl\":\"https:\\\/\\\/secure.gravatar.com\\\/avatar\\\/22223e1861dffde7f48d885f9c472f4e36a80800253f17b54d61a202ae8386bf?s=96&d=mm&r=g\",\"caption\":\"Alessandro Martire\"},\"url\":\"https:\\\/\\\/www.capitolina.com\\\/wp\\\/author\\\/alessandro-martire\\\/\"}]}<\/script>\n<!-- \/ Yoast SEO plugin. -->","yoast_head_json":{"title":"IMART 2025: che settimana pazzesca per gli ImplaccAbili! - Unione Rugby Capitolina - Il Rugby a Roma dal 1996","robots":{"index":"index","follow":"follow","max-snippet":"max-snippet:-1","max-image-preview":"max-image-preview:large","max-video-preview":"max-video-preview:-1"},"canonical":"https:\/\/www.capitolina.com\/wp\/imart-2025-che-settimana-pazzesca-per-gli-implaccabili\/","og_locale":"it_IT","og_type":"article","og_title":"IMART 2025: che settimana pazzesca per gli ImplaccAbili! - Unione Rugby Capitolina - Il Rugby a Roma dal 1996","og_description":"Siamo tornati a casa con gli occhi pieni di immagini, il cuore pieno di emozioni e la testa carica di [&hellip;]","og_url":"https:\/\/www.capitolina.com\/wp\/imart-2025-che-settimana-pazzesca-per-gli-implaccabili\/","og_site_name":"Unione Rugby Capitolina - Il Rugby a Roma dal 1996","article_published_time":"2025-06-29T21:29:15+00:00","article_modified_time":"2025-07-01T09:17:41+00:00","og_image":[{"width":800,"height":400,"url":"https:\/\/www.capitolina.com\/wp\/wp-content\/uploads\/2025\/06\/ImplaccAbili-@-Pamplona-Mixed-Ability-Rugby-Tournament-IMART-2025-Unione-Rugby-Capitolina-URC-Via-Flaminia-867-Roma.jpg","type":"image\/jpeg"}],"author":"Alessandro Martire","twitter_card":"summary_large_image","twitter_misc":{"Scritto da":"Alessandro Martire","Tempo di lettura stimato":"3 minuti"},"schema":{"@context":"https:\/\/schema.org","@graph":[{"@type":"Article","@id":"https:\/\/www.capitolina.com\/wp\/imart-2025-che-settimana-pazzesca-per-gli-implaccabili\/#article","isPartOf":{"@id":"https:\/\/www.capitolina.com\/wp\/imart-2025-che-settimana-pazzesca-per-gli-implaccabili\/"},"author":{"name":"Alessandro Martire","@id":"https:\/\/www.capitolina.com\/wp\/#\/schema\/person\/0dd0670ab7d4379c9388811c4635545f"},"headline":"IMART 2025: che settimana pazzesca per gli ImplaccAbili!","datePublished":"2025-06-29T21:29:15+00:00","dateModified":"2025-07-01T09:17:41+00:00","mainEntityOfPage":{"@id":"https:\/\/www.capitolina.com\/wp\/imart-2025-che-settimana-pazzesca-per-gli-implaccabili\/"},"wordCount":325,"publisher":{"@id":"https:\/\/www.capitolina.com\/wp\/#organization"},"image":{"@id":"https:\/\/www.capitolina.com\/wp\/imart-2025-che-settimana-pazzesca-per-gli-implaccabili\/#primaryimage"},"thumbnailUrl":"https:\/\/www.capitolina.com\/wp\/wp-content\/uploads\/2025\/06\/ImplaccAbili-@-Pamplona-Mixed-Ability-Rugby-Tournament-IMART-2025-Unione-Rugby-Capitolina-URC-Via-Flaminia-867-Roma.jpg","articleSection":["Amatoriale","Mixar","News"],"inLanguage":"it-IT"},{"@type":"WebPage","@id":"https:\/\/www.capitolina.com\/wp\/imart-2025-che-settimana-pazzesca-per-gli-implaccabili\/","url":"https:\/\/www.capitolina.com\/wp\/imart-2025-che-settimana-pazzesca-per-gli-implaccabili\/","name":"IMART 2025: che settimana pazzesca per gli ImplaccAbili! - Unione Rugby Capitolina - Il Rugby a Roma dal 1996","isPartOf":{"@id":"https:\/\/www.capitolina.com\/wp\/#website"},"primaryImageOfPage":{"@id":"https:\/\/www.capitolina.com\/wp\/imart-2025-che-settimana-pazzesca-per-gli-implaccabili\/#primaryimage"},"image":{"@id":"https:\/\/www.capitolina.com\/wp\/imart-2025-che-settimana-pazzesca-per-gli-implaccabili\/#primaryimage"},"thumbnailUrl":"https:\/\/www.capitolina.com\/wp\/wp-content\/uploads\/2025\/06\/ImplaccAbili-@-Pamplona-Mixed-Ability-Rugby-Tournament-IMART-2025-Unione-Rugby-Capitolina-URC-Via-Flaminia-867-Roma.jpg","datePublished":"2025-06-29T21:29:15+00:00","dateModified":"2025-07-01T09:17:41+00:00","breadcrumb":{"@id":"https:\/\/www.capitolina.com\/wp\/imart-2025-che-settimana-pazzesca-per-gli-implaccabili\/#breadcrumb"},"inLanguage":"it-IT","potentialAction":[{"@type":"ReadAction","target":["https:\/\/www.capitolina.com\/wp\/imart-2025-che-settimana-pazzesca-per-gli-implaccabili\/"]}]},{"@type":"ImageObject","inLanguage":"it-IT","@id":"https:\/\/www.capitolina.com\/wp\/imart-2025-che-settimana-pazzesca-per-gli-implaccabili\/#primaryimage","url":"https:\/\/www.capitolina.com\/wp\/wp-content\/uploads\/2025\/06\/ImplaccAbili-@-Pamplona-Mixed-Ability-Rugby-Tournament-IMART-2025-Unione-Rugby-Capitolina-URC-Via-Flaminia-867-Roma.jpg","contentUrl":"https:\/\/www.capitolina.com\/wp\/wp-content\/uploads\/2025\/06\/ImplaccAbili-@-Pamplona-Mixed-Ability-Rugby-Tournament-IMART-2025-Unione-Rugby-Capitolina-URC-Via-Flaminia-867-Roma.jpg","width":800,"height":400},{"@type":"BreadcrumbList","@id":"https:\/\/www.capitolina.com\/wp\/imart-2025-che-settimana-pazzesca-per-gli-implaccabili\/#breadcrumb","itemListElement":[{"@type":"ListItem","position":1,"name":"Home","item":"https:\/\/www.capitolina.com\/wp\/"},{"@type":"ListItem","position":2,"name":"IMART 2025: che settimana pazzesca per gli ImplaccAbili!"}]},{"@type":"WebSite","@id":"https:\/\/www.capitolina.com\/wp\/#website","url":"https:\/\/www.capitolina.com\/wp\/","name":"Unione Rugby Capitolina - Il Rugby a Roma dal 1996","description":"Il Rugby a Roma dal 1996","publisher":{"@id":"https:\/\/www.capitolina.com\/wp\/#organization"},"potentialAction":[{"@type":"SearchAction","target":{"@type":"EntryPoint","urlTemplate":"https:\/\/www.capitolina.com\/wp\/?s={search_term_string}"},"query-input":{"@type":"PropertyValueSpecification","valueRequired":true,"valueName":"search_term_string"}}],"inLanguage":"it-IT"},{"@type":"Organization","@id":"https:\/\/www.capitolina.com\/wp\/#organization","name":"Unione Rugby Capitolina","url":"https:\/\/www.capitolina.com\/wp\/","logo":{"@type":"ImageObject","inLanguage":"it-IT","@id":"https:\/\/www.capitolina.com\/wp\/#\/schema\/logo\/image\/","url":"https:\/\/www.capitolina.com\/wp\/wp-content\/uploads\/2019\/09\/Logo-URC-tondo-copy2.png","contentUrl":"https:\/\/www.capitolina.com\/wp\/wp-content\/uploads\/2019\/09\/Logo-URC-tondo-copy2.png","width":360,"height":360,"caption":"Unione Rugby Capitolina"},"image":{"@id":"https:\/\/www.capitolina.com\/wp\/#\/schema\/logo\/image\/"}},{"@type":"Person","@id":"https:\/\/www.capitolina.com\/wp\/#\/schema\/person\/0dd0670ab7d4379c9388811c4635545f","name":"Alessandro Martire","image":{"@type":"ImageObject","inLanguage":"it-IT","@id":"https:\/\/secure.gravatar.com\/avatar\/22223e1861dffde7f48d885f9c472f4e36a80800253f17b54d61a202ae8386bf?s=96&d=mm&r=g","url":"https:\/\/secure.gravatar.com\/avatar\/22223e1861dffde7f48d885f9c472f4e36a80800253f17b54d61a202ae8386bf?s=96&d=mm&r=g","contentUrl":"https:\/\/secure.gravatar.com\/avatar\/22223e1861dffde7f48d885f9c472f4e36a80800253f17b54d61a202ae8386bf?s=96&d=mm&r=g","caption":"Alessandro Martire"},"url":"https:\/\/www.capitolina.com\/wp\/author\/alessandro-martire\/"}]}},"uagb_featured_image_src":{"full":["https:\/\/www.capitolina.com\/wp\/wp-content\/uploads\/2025\/06\/ImplaccAbili-@-Pamplona-Mixed-Ability-Rugby-Tournament-IMART-2025-Unione-Rugby-Capitolina-URC-Via-Flaminia-867-Roma.jpg",800,400,false],"thumbnail":["https:\/\/www.capitolina.com\/wp\/wp-content\/uploads\/2025\/06\/ImplaccAbili-@-Pamplona-Mixed-Ability-Rugby-Tournament-IMART-2025-Unione-Rugby-Capitolina-URC-Via-Flaminia-867-Roma-150x150.jpg",150,150,true],"medium":["https:\/\/www.capitolina.com\/wp\/wp-content\/uploads\/2025\/06\/ImplaccAbili-@-Pamplona-Mixed-Ability-Rugby-Tournament-IMART-2025-Unione-Rugby-Capitolina-URC-Via-Flaminia-867-Roma-300x150.jpg",300,150,true],"medium_large":["https:\/\/www.capitolina.com\/wp\/wp-content\/uploads\/2025\/06\/ImplaccAbili-@-Pamplona-Mixed-Ability-Rugby-Tournament-IMART-2025-Unione-Rugby-Capitolina-URC-Via-Flaminia-867-Roma-768x384.jpg",768,384,true],"large":["https:\/\/www.capitolina.com\/wp\/wp-content\/uploads\/2025\/06\/ImplaccAbili-@-Pamplona-Mixed-Ability-Rugby-Tournament-IMART-2025-Unione-Rugby-Capitolina-URC-Via-Flaminia-867-Roma.jpg",800,400,false],"1536x1536":["https:\/\/www.capitolina.com\/wp\/wp-content\/uploads\/2025\/06\/ImplaccAbili-@-Pamplona-Mixed-Ability-Rugby-Tournament-IMART-2025-Unione-Rugby-Capitolina-URC-Via-Flaminia-867-Roma.jpg",800,400,false],"2048x2048":["https:\/\/www.capitolina.com\/wp\/wp-content\/uploads\/2025\/06\/ImplaccAbili-@-Pamplona-Mixed-Ability-Rugby-Tournament-IMART-2025-Unione-Rugby-Capitolina-URC-Via-Flaminia-867-Roma.jpg",800,400,false],"mailpoet_newsletter_max":["https:\/\/www.capitolina.com\/wp\/wp-content\/uploads\/2025\/06\/ImplaccAbili-@-Pamplona-Mixed-Ability-Rugby-Tournament-IMART-2025-Unione-Rugby-Capitolina-URC-Via-Flaminia-867-Roma.jpg",800,400,false]},"uagb_author_info":{"display_name":"Alessandro Martire","author_link":"https:\/\/www.capitolina.com\/wp\/author\/alessandro-martire\/"},"uagb_comment_info":0,"uagb_excerpt":"Siamo tornati a casa con gli occhi pieni di immagini, il cuore pieno di emozioni e la testa carica di [&hellip;]","_links":{"self":[{"href":"https:\/\/www.capitolina.com\/wp\/wp-json\/wp\/v2\/posts\/27064","targetHints":{"allow":["GET"]}}],"collection":[{"href":"https:\/\/www.capitolina.com\/wp\/wp-json\/wp\/v2\/posts"}],"about":[{"href":"https:\/\/www.capitolina.com\/wp\/wp-json\/wp\/v2\/types\/post"}],"author":[{"embeddable":true,"href":"https:\/\/www.capitolina.com\/wp\/wp-json\/wp\/v2\/users\/5"}],"replies":[{"embeddable":true,"href":"https:\/\/www.capitolina.com\/wp\/wp-json\/wp\/v2\/comments?post=27064"}],"version-history":[{"count":1,"href":"https:\/\/www.capitolina.com\/wp\/wp-json\/wp\/v2\/posts\/27064\/revisions"}],"predecessor-version":[{"id":27066,"href":"https:\/\/www.capitolina.com\/wp\/wp-json\/wp\/v2\/posts\/27064\/revisions\/27066"}],"wp:featuredmedia":[{"embeddable":true,"href":"https:\/\/www.capitolina.com\/wp\/wp-json\/wp\/v2\/media\/27065"}],"wp:attachment":[{"href":"https:\/\/www.capitolina.com\/wp\/wp-json\/wp\/v2\/media?parent=27064"}],"wp:term":[{"taxonomy":"category","embeddable":true,"href":"https:\/\/www.capitolina.com\/wp\/wp-json\/wp\/v2\/categories?post=27064"},{"taxonomy":"post_tag","embeddable":true,"href":"https:\/\/www.capitolina.com\/wp\/wp-json\/wp\/v2\/tags?post=27064"}],"curies":[{"name":"wp","href":"https:\/\/api.w.org\/{rel}","templated":true}]}}