 {"id":22577,"date":"2022-11-29T08:11:15","date_gmt":"2022-11-29T07:11:15","guid":{"rendered":"https:\/\/www.capitolina.com\/wp\/?p=22577"},"modified":"2022-11-29T08:11:18","modified_gmt":"2022-11-29T07:11:18","slug":"assemblea-dei-soci-2022","status":"publish","type":"post","link":"https:\/\/www.capitolina.com\/wp\/assemblea-dei-soci-2022\/","title":{"rendered":"Assemblea dei Soci 2022"},"content":{"rendered":"\n<p>All\u2019interno della tensostruttura si \u00e8 svolta ieri, 28 novembre, la consueta Assemblea annuale dei Soci.<\/p>\n\n\n\n<p>L\u2019alto numero di partecipanti dimostra come il senso di appartenenza, valore imprescindibile dal giorno della fondazione del Club, sia sempre pi\u00f9 un elemento condiviso.<\/p>\n\n\n\n<p>L&#8217;Assemblea, la ventiseiesima, si \u00e8 aperta come di consueto con il saluto del Presidente Giorgio Vaccaro, che ha voluto soffermarsi sui risultati raggiunti dall\u2019Associazione, sia in ambito sportivo che gestionale, sottolineando come momento cardine della passata stagione il 5 giugno, giorno che, visti i risultati ottenuti dalle varie squadre capitoline (sconfitta con Torino per la Prima Squadra \u00e8 mancato accesso alle finali per Under 17 e 19), avrebbe potuto simboleggiare un fallimento, ma che invece si \u00e8 trasformato in un momento di gioia e di attaccamento ai nostri colori. Al termine del suo discorso, \u00e8 stato il momento di dare il giusto riconoscimento ad una persona che ha fatto di Via Flaminia 867 la sua seconda casa, prima come genitore (ben quattro figli passati per le giovanili e seniores capitoline), poi come consigliere e vicepresidente, dedicando amore e dedizione al nostro Club: Alessandro Masetti.<\/p>\n\n\n\n<p>A seguire sono intervenuti il DoR Cesare \u201cCeddu\u201d Marrucci che ha voluto sottolineare come il risultato sportivo sia solo una conseguenza di tutte le azioni che ogni singolo membro della comunit\u00e0 effettua, dando l\u2019esempio a se stesso e agli altri, Alessandro Martire (conosciuto da tutti come \u201cIvan\u201d, Responsabile della Comunicazione), Francesca Rebecchini, presidente della Capitolina Onlus che ha fatto il punto sugli ottimi risultati raggiunti dall\u2019associazione, e Alberto Magni, che ha consegnato la borsa di studio come\u00a0<strong>Miglior Capitolino<\/strong>, ovvero l\u2019atleta pi\u00f9 meritevole, in campo e fuori a Carlo Parlati, pilone del Gruppo Seniores, studente universitario e apprezzatissimo educatore del minirugby.<\/p>\n\n\n\n<p>Infine la palla \u00e8 tornata a Cesare, che ha fatto una panoramica sulla situazione economico-finanziaria del Club, presentando i bilanci Consuntivo per la stagione 2021-2022 e Preventivo per quella 2022-2023, entrambi approvati.<\/p>\n\n\n\n<p>Al termine i Soci si sono dati appuntamento presso il pi\u00f9 grande Sponsor del Club, l\u2019Hostaria del Campo, per un momento di condivisione tra persone che per un motivo o per un altro non sempre hanno l\u2019opportunit\u00e0 di passare del tempo assieme.<\/p>\n\n\n\n<p>Da parte del Club un sentito grazie ai relatori ed ai presenti.<\/p>\n\n\n\n<figure class=\"wp-block-gallery has-nested-images columns-default is-cropped wp-block-gallery-1 is-layout-flex wp-block-gallery-is-layout-flex\">\n<figure class=\"wp-block-image size-large\"><img decoding=\"async\" width=\"500\" height=\"500\" data-id=\"22579\" src=\"https:\/\/www.capitolina.com\/wp\/wp-content\/uploads\/2022\/11\/Assemblea-dei-Soci-2022-1-Unione-Rugby-Capitolina.jpg\" alt=\"\" class=\"wp-image-22579\" srcset=\"https:\/\/www.capitolina.com\/wp\/wp-content\/uploads\/2022\/11\/Assemblea-dei-Soci-2022-1-Unione-Rugby-Capitolina.jpg 500w, https:\/\/www.capitolina.com\/wp\/wp-content\/uploads\/2022\/11\/Assemblea-dei-Soci-2022-1-Unione-Rugby-Capitolina-300x300.jpg 300w, https:\/\/www.capitolina.com\/wp\/wp-content\/uploads\/2022\/11\/Assemblea-dei-Soci-2022-1-Unione-Rugby-Capitolina-150x150.jpg 150w, https:\/\/www.capitolina.com\/wp\/wp-content\/uploads\/2022\/11\/Assemblea-dei-Soci-2022-1-Unione-Rugby-Capitolina-480x480.jpg 480w, https:\/\/www.capitolina.com\/wp\/wp-content\/uploads\/2022\/11\/Assemblea-dei-Soci-2022-1-Unione-Rugby-Capitolina-45x45.jpg 45w\" sizes=\"(max-width: 500px) 100vw, 500px\" \/><\/figure>\n\n\n\n<figure class=\"wp-block-image size-large\"><img decoding=\"async\" width=\"498\" height=\"500\" data-id=\"22580\" src=\"https:\/\/www.capitolina.com\/wp\/wp-content\/uploads\/2022\/11\/Assemblea-dei-Soci-2022-3-Unione-Rugby-Capitolina.jpg\" alt=\"\" class=\"wp-image-22580\" srcset=\"https:\/\/www.capitolina.com\/wp\/wp-content\/uploads\/2022\/11\/Assemblea-dei-Soci-2022-3-Unione-Rugby-Capitolina.jpg 498w, https:\/\/www.capitolina.com\/wp\/wp-content\/uploads\/2022\/11\/Assemblea-dei-Soci-2022-3-Unione-Rugby-Capitolina-300x300.jpg 300w, https:\/\/www.capitolina.com\/wp\/wp-content\/uploads\/2022\/11\/Assemblea-dei-Soci-2022-3-Unione-Rugby-Capitolina-150x150.jpg 150w, https:\/\/www.capitolina.com\/wp\/wp-content\/uploads\/2022\/11\/Assemblea-dei-Soci-2022-3-Unione-Rugby-Capitolina-45x45.jpg 45w\" sizes=\"(max-width: 498px) 100vw, 498px\" \/><\/figure>\n\n\n\n<figure class=\"wp-block-image size-large\"><img decoding=\"async\" width=\"500\" height=\"500\" data-id=\"22578\" src=\"https:\/\/www.capitolina.com\/wp\/wp-content\/uploads\/2022\/11\/Assemblea-dei-Soci-2022-2-Unione-Rugby-Capitolina.jpg\" alt=\"\" class=\"wp-image-22578\" srcset=\"https:\/\/www.capitolina.com\/wp\/wp-content\/uploads\/2022\/11\/Assemblea-dei-Soci-2022-2-Unione-Rugby-Capitolina.jpg 500w, https:\/\/www.capitolina.com\/wp\/wp-content\/uploads\/2022\/11\/Assemblea-dei-Soci-2022-2-Unione-Rugby-Capitolina-300x300.jpg 300w, https:\/\/www.capitolina.com\/wp\/wp-content\/uploads\/2022\/11\/Assemblea-dei-Soci-2022-2-Unione-Rugby-Capitolina-150x150.jpg 150w, https:\/\/www.capitolina.com\/wp\/wp-content\/uploads\/2022\/11\/Assemblea-dei-Soci-2022-2-Unione-Rugby-Capitolina-480x480.jpg 480w, https:\/\/www.capitolina.com\/wp\/wp-content\/uploads\/2022\/11\/Assemblea-dei-Soci-2022-2-Unione-Rugby-Capitolina-45x45.jpg 45w\" sizes=\"(max-width: 500px) 100vw, 500px\" \/><\/figure>\n<\/figure>\n","protected":false},"excerpt":{"rendered":"<p>All\u2019interno della tensostruttura si \u00e8 svolta ieri, 28 novembre, la consueta Assemblea annuale dei Soci. L\u2019alto numero di partecipanti dimostra [&hellip;]<\/p>\n","protected":false},"author":5,"featured_media":15660,"comment_status":"closed","ping_status":"closed","sticky":false,"template":"","format":"standard","meta":{"_uag_custom_page_level_css":"","_exactmetrics_skip_tracking":false,"_exactmetrics_sitenote_active":false,"_exactmetrics_sitenote_note":"","_exactmetrics_sitenote_category":0,"site-sidebar-layout":"default","site-content-layout":"","ast-site-content-layout":"default","site-content-style":"default","site-sidebar-style":"default","ast-global-header-display":"","ast-banner-title-visibility":"","ast-main-header-display":"","ast-hfb-above-header-display":"","ast-hfb-below-header-display":"","ast-hfb-mobile-header-display":"","site-post-title":"","ast-breadcrumbs-content":"","ast-featured-img":"","footer-sml-layout":"","ast-disable-related-posts":"","theme-transparent-header-meta":"","adv-header-id-meta":"","stick-header-meta":"","header-above-stick-meta":"","header-main-stick-meta":"","header-below-stick-meta":"","astra-migrate-meta-layouts":"default","ast-page-background-enabled":"default","ast-page-background-meta":{"desktop":{"background-color":"var(--ast-global-color-4)","background-image":"","background-repeat":"repeat","background-position":"center center","background-size":"auto","background-attachment":"scroll","background-type":"","background-media":"","overlay-type":"","overlay-color":"","overlay-opacity":"","overlay-gradient":""},"tablet":{"background-color":"","background-image":"","background-repeat":"repeat","background-position":"center center","background-size":"auto","background-attachment":"scroll","background-type":"","background-media":"","overlay-type":"","overlay-color":"","overlay-opacity":"","overlay-gradient":""},"mobile":{"background-color":"","background-image":"","background-repeat":"repeat","background-position":"center center","background-size":"auto","background-attachment":"scroll","background-type":"","background-media":"","overlay-type":"","overlay-color":"","overlay-opacity":"","overlay-gradient":""}},"ast-content-background-meta":{"desktop":{"background-color":"var(--ast-global-color-5)","background-image":"","background-repeat":"repeat","background-position":"center center","background-size":"auto","background-attachment":"scroll","background-type":"","background-media":"","overlay-type":"","overlay-color":"","overlay-opacity":"","overlay-gradient":""},"tablet":{"background-color":"var(--ast-global-color-5)","background-image":"","background-repeat":"repeat","background-position":"center center","background-size":"auto","background-attachment":"scroll","background-type":"","background-media":"","overlay-type":"","overlay-color":"","overlay-opacity":"","overlay-gradient":""},"mobile":{"background-color":"var(--ast-global-color-5)","background-image":"","background-repeat":"repeat","background-position":"center center","background-size":"auto","background-attachment":"scroll","background-type":"","background-media":"","overlay-type":"","overlay-color":"","overlay-opacity":"","overlay-gradient":""}},"footnotes":""},"categories":[34,57],"tags":[],"class_list":["post-22577","post","type-post","status-publish","format-standard","has-post-thumbnail","hentry","category-news","category-soci"],"yoast_head":"<!-- This site is optimized with the Yoast SEO plugin v27.5 - https:\/\/yoast.com\/product\/yoast-seo-wordpress\/ -->\n<title>Assemblea dei Soci 2022 - Unione Rugby Capitolina - Il Rugby a Roma dal 1996<\/title>\n<meta name=\"robots\" content=\"index, follow, max-snippet:-1, max-image-preview:large, max-video-preview:-1\" \/>\n<link rel=\"canonical\" href=\"https:\/\/www.capitolina.com\/wp\/assemblea-dei-soci-2022\/\" \/>\n<meta property=\"og:locale\" content=\"it_IT\" \/>\n<meta property=\"og:type\" content=\"article\" \/>\n<meta property=\"og:title\" content=\"Assemblea dei Soci 2022 - Unione Rugby Capitolina - Il Rugby a Roma dal 1996\" \/>\n<meta property=\"og:description\" content=\"All\u2019interno della tensostruttura si \u00e8 svolta ieri, 28 novembre, la consueta Assemblea annuale dei Soci. L\u2019alto numero di partecipanti dimostra [&hellip;]\" \/>\n<meta property=\"og:url\" content=\"https:\/\/www.capitolina.com\/wp\/assemblea-dei-soci-2022\/\" \/>\n<meta property=\"og:site_name\" content=\"Unione Rugby Capitolina - Il Rugby a Roma dal 1996\" \/>\n<meta property=\"article:published_time\" content=\"2022-11-29T07:11:15+00:00\" \/>\n<meta property=\"article:modified_time\" content=\"2022-11-29T07:11:18+00:00\" \/>\n<meta property=\"og:image\" content=\"https:\/\/www.capitolina.com\/wp\/wp-content\/uploads\/2019\/09\/Logo-URC-tondo-copy2.png\" \/>\n\t<meta property=\"og:image:width\" content=\"360\" \/>\n\t<meta property=\"og:image:height\" content=\"360\" \/>\n\t<meta property=\"og:image:type\" content=\"image\/png\" \/>\n<meta name=\"author\" content=\"Alessandro Martire\" \/>\n<meta name=\"twitter:card\" content=\"summary_large_image\" \/>\n<meta name=\"twitter:label1\" content=\"Scritto da\" \/>\n\t<meta name=\"twitter:data1\" content=\"Alessandro Martire\" \/>\n\t<meta name=\"twitter:label2\" content=\"Tempo di lettura stimato\" \/>\n\t<meta name=\"twitter:data2\" content=\"3 minuti\" \/>\n<script type=\"application\/ld+json\" class=\"yoast-schema-graph\">{\"@context\":\"https:\\\/\\\/schema.org\",\"@graph\":[{\"@type\":\"Article\",\"@id\":\"https:\\\/\\\/www.capitolina.com\\\/wp\\\/assemblea-dei-soci-2022\\\/#article\",\"isPartOf\":{\"@id\":\"https:\\\/\\\/www.capitolina.com\\\/wp\\\/assemblea-dei-soci-2022\\\/\"},\"author\":{\"name\":\"Alessandro Martire\",\"@id\":\"https:\\\/\\\/www.capitolina.com\\\/wp\\\/#\\\/schema\\\/person\\\/0dd0670ab7d4379c9388811c4635545f\"},\"headline\":\"Assemblea dei Soci 2022\",\"datePublished\":\"2022-11-29T07:11:15+00:00\",\"dateModified\":\"2022-11-29T07:11:18+00:00\",\"mainEntityOfPage\":{\"@id\":\"https:\\\/\\\/www.capitolina.com\\\/wp\\\/assemblea-dei-soci-2022\\\/\"},\"wordCount\":371,\"publisher\":{\"@id\":\"https:\\\/\\\/www.capitolina.com\\\/wp\\\/#organization\"},\"image\":{\"@id\":\"https:\\\/\\\/www.capitolina.com\\\/wp\\\/assemblea-dei-soci-2022\\\/#primaryimage\"},\"thumbnailUrl\":\"https:\\\/\\\/www.capitolina.com\\\/wp\\\/wp-content\\\/uploads\\\/2019\\\/09\\\/Logo-URC-tondo-copy2.png\",\"articleSection\":[\"News\",\"Soci\"],\"inLanguage\":\"it-IT\"},{\"@type\":\"WebPage\",\"@id\":\"https:\\\/\\\/www.capitolina.com\\\/wp\\\/assemblea-dei-soci-2022\\\/\",\"url\":\"https:\\\/\\\/www.capitolina.com\\\/wp\\\/assemblea-dei-soci-2022\\\/\",\"name\":\"Assemblea dei Soci 2022 - Unione Rugby Capitolina - Il Rugby a Roma dal 1996\",\"isPartOf\":{\"@id\":\"https:\\\/\\\/www.capitolina.com\\\/wp\\\/#website\"},\"primaryImageOfPage\":{\"@id\":\"https:\\\/\\\/www.capitolina.com\\\/wp\\\/assemblea-dei-soci-2022\\\/#primaryimage\"},\"image\":{\"@id\":\"https:\\\/\\\/www.capitolina.com\\\/wp\\\/assemblea-dei-soci-2022\\\/#primaryimage\"},\"thumbnailUrl\":\"https:\\\/\\\/www.capitolina.com\\\/wp\\\/wp-content\\\/uploads\\\/2019\\\/09\\\/Logo-URC-tondo-copy2.png\",\"datePublished\":\"2022-11-29T07:11:15+00:00\",\"dateModified\":\"2022-11-29T07:11:18+00:00\",\"breadcrumb\":{\"@id\":\"https:\\\/\\\/www.capitolina.com\\\/wp\\\/assemblea-dei-soci-2022\\\/#breadcrumb\"},\"inLanguage\":\"it-IT\",\"potentialAction\":[{\"@type\":\"ReadAction\",\"target\":[\"https:\\\/\\\/www.capitolina.com\\\/wp\\\/assemblea-dei-soci-2022\\\/\"]}]},{\"@type\":\"ImageObject\",\"inLanguage\":\"it-IT\",\"@id\":\"https:\\\/\\\/www.capitolina.com\\\/wp\\\/assemblea-dei-soci-2022\\\/#primaryimage\",\"url\":\"https:\\\/\\\/www.capitolina.com\\\/wp\\\/wp-content\\\/uploads\\\/2019\\\/09\\\/Logo-URC-tondo-copy2.png\",\"contentUrl\":\"https:\\\/\\\/www.capitolina.com\\\/wp\\\/wp-content\\\/uploads\\\/2019\\\/09\\\/Logo-URC-tondo-copy2.png\",\"width\":360,\"height\":360},{\"@type\":\"BreadcrumbList\",\"@id\":\"https:\\\/\\\/www.capitolina.com\\\/wp\\\/assemblea-dei-soci-2022\\\/#breadcrumb\",\"itemListElement\":[{\"@type\":\"ListItem\",\"position\":1,\"name\":\"Home\",\"item\":\"https:\\\/\\\/www.capitolina.com\\\/wp\\\/\"},{\"@type\":\"ListItem\",\"position\":2,\"name\":\"Assemblea dei Soci 2022\"}]},{\"@type\":\"WebSite\",\"@id\":\"https:\\\/\\\/www.capitolina.com\\\/wp\\\/#website\",\"url\":\"https:\\\/\\\/www.capitolina.com\\\/wp\\\/\",\"name\":\"Unione Rugby Capitolina - Il Rugby a Roma dal 1996\",\"description\":\"Il Rugby a Roma dal 1996\",\"publisher\":{\"@id\":\"https:\\\/\\\/www.capitolina.com\\\/wp\\\/#organization\"},\"potentialAction\":[{\"@type\":\"SearchAction\",\"target\":{\"@type\":\"EntryPoint\",\"urlTemplate\":\"https:\\\/\\\/www.capitolina.com\\\/wp\\\/?s={search_term_string}\"},\"query-input\":{\"@type\":\"PropertyValueSpecification\",\"valueRequired\":true,\"valueName\":\"search_term_string\"}}],\"inLanguage\":\"it-IT\"},{\"@type\":\"Organization\",\"@id\":\"https:\\\/\\\/www.capitolina.com\\\/wp\\\/#organization\",\"name\":\"Unione Rugby Capitolina\",\"url\":\"https:\\\/\\\/www.capitolina.com\\\/wp\\\/\",\"logo\":{\"@type\":\"ImageObject\",\"inLanguage\":\"it-IT\",\"@id\":\"https:\\\/\\\/www.capitolina.com\\\/wp\\\/#\\\/schema\\\/logo\\\/image\\\/\",\"url\":\"https:\\\/\\\/www.capitolina.com\\\/wp\\\/wp-content\\\/uploads\\\/2019\\\/09\\\/Logo-URC-tondo-copy2.png\",\"contentUrl\":\"https:\\\/\\\/www.capitolina.com\\\/wp\\\/wp-content\\\/uploads\\\/2019\\\/09\\\/Logo-URC-tondo-copy2.png\",\"width\":360,\"height\":360,\"caption\":\"Unione Rugby Capitolina\"},\"image\":{\"@id\":\"https:\\\/\\\/www.capitolina.com\\\/wp\\\/#\\\/schema\\\/logo\\\/image\\\/\"}},{\"@type\":\"Person\",\"@id\":\"https:\\\/\\\/www.capitolina.com\\\/wp\\\/#\\\/schema\\\/person\\\/0dd0670ab7d4379c9388811c4635545f\",\"name\":\"Alessandro Martire\",\"image\":{\"@type\":\"ImageObject\",\"inLanguage\":\"it-IT\",\"@id\":\"https:\\\/\\\/secure.gravatar.com\\\/avatar\\\/22223e1861dffde7f48d885f9c472f4e36a80800253f17b54d61a202ae8386bf?s=96&d=mm&r=g\",\"url\":\"https:\\\/\\\/secure.gravatar.com\\\/avatar\\\/22223e1861dffde7f48d885f9c472f4e36a80800253f17b54d61a202ae8386bf?s=96&d=mm&r=g\",\"contentUrl\":\"https:\\\/\\\/secure.gravatar.com\\\/avatar\\\/22223e1861dffde7f48d885f9c472f4e36a80800253f17b54d61a202ae8386bf?s=96&d=mm&r=g\",\"caption\":\"Alessandro Martire\"},\"url\":\"https:\\\/\\\/www.capitolina.com\\\/wp\\\/author\\\/alessandro-martire\\\/\"}]}<\/script>\n<!-- \/ Yoast SEO plugin. -->","yoast_head_json":{"title":"Assemblea dei Soci 2022 - Unione Rugby Capitolina - Il Rugby a Roma dal 1996","robots":{"index":"index","follow":"follow","max-snippet":"max-snippet:-1","max-image-preview":"max-image-preview:large","max-video-preview":"max-video-preview:-1"},"canonical":"https:\/\/www.capitolina.com\/wp\/assemblea-dei-soci-2022\/","og_locale":"it_IT","og_type":"article","og_title":"Assemblea dei Soci 2022 - Unione Rugby Capitolina - Il Rugby a Roma dal 1996","og_description":"All\u2019interno della tensostruttura si \u00e8 svolta ieri, 28 novembre, la consueta Assemblea annuale dei Soci. L\u2019alto numero di partecipanti dimostra [&hellip;]","og_url":"https:\/\/www.capitolina.com\/wp\/assemblea-dei-soci-2022\/","og_site_name":"Unione Rugby Capitolina - Il Rugby a Roma dal 1996","article_published_time":"2022-11-29T07:11:15+00:00","article_modified_time":"2022-11-29T07:11:18+00:00","og_image":[{"width":360,"height":360,"url":"https:\/\/www.capitolina.com\/wp\/wp-content\/uploads\/2019\/09\/Logo-URC-tondo-copy2.png","type":"image\/png"}],"author":"Alessandro Martire","twitter_card":"summary_large_image","twitter_misc":{"Scritto da":"Alessandro Martire","Tempo di lettura stimato":"3 minuti"},"schema":{"@context":"https:\/\/schema.org","@graph":[{"@type":"Article","@id":"https:\/\/www.capitolina.com\/wp\/assemblea-dei-soci-2022\/#article","isPartOf":{"@id":"https:\/\/www.capitolina.com\/wp\/assemblea-dei-soci-2022\/"},"author":{"name":"Alessandro Martire","@id":"https:\/\/www.capitolina.com\/wp\/#\/schema\/person\/0dd0670ab7d4379c9388811c4635545f"},"headline":"Assemblea dei Soci 2022","datePublished":"2022-11-29T07:11:15+00:00","dateModified":"2022-11-29T07:11:18+00:00","mainEntityOfPage":{"@id":"https:\/\/www.capitolina.com\/wp\/assemblea-dei-soci-2022\/"},"wordCount":371,"publisher":{"@id":"https:\/\/www.capitolina.com\/wp\/#organization"},"image":{"@id":"https:\/\/www.capitolina.com\/wp\/assemblea-dei-soci-2022\/#primaryimage"},"thumbnailUrl":"https:\/\/www.capitolina.com\/wp\/wp-content\/uploads\/2019\/09\/Logo-URC-tondo-copy2.png","articleSection":["News","Soci"],"inLanguage":"it-IT"},{"@type":"WebPage","@id":"https:\/\/www.capitolina.com\/wp\/assemblea-dei-soci-2022\/","url":"https:\/\/www.capitolina.com\/wp\/assemblea-dei-soci-2022\/","name":"Assemblea dei Soci 2022 - Unione Rugby Capitolina - Il Rugby a Roma dal 1996","isPartOf":{"@id":"https:\/\/www.capitolina.com\/wp\/#website"},"primaryImageOfPage":{"@id":"https:\/\/www.capitolina.com\/wp\/assemblea-dei-soci-2022\/#primaryimage"},"image":{"@id":"https:\/\/www.capitolina.com\/wp\/assemblea-dei-soci-2022\/#primaryimage"},"thumbnailUrl":"https:\/\/www.capitolina.com\/wp\/wp-content\/uploads\/2019\/09\/Logo-URC-tondo-copy2.png","datePublished":"2022-11-29T07:11:15+00:00","dateModified":"2022-11-29T07:11:18+00:00","breadcrumb":{"@id":"https:\/\/www.capitolina.com\/wp\/assemblea-dei-soci-2022\/#breadcrumb"},"inLanguage":"it-IT","potentialAction":[{"@type":"ReadAction","target":["https:\/\/www.capitolina.com\/wp\/assemblea-dei-soci-2022\/"]}]},{"@type":"ImageObject","inLanguage":"it-IT","@id":"https:\/\/www.capitolina.com\/wp\/assemblea-dei-soci-2022\/#primaryimage","url":"https:\/\/www.capitolina.com\/wp\/wp-content\/uploads\/2019\/09\/Logo-URC-tondo-copy2.png","contentUrl":"https:\/\/www.capitolina.com\/wp\/wp-content\/uploads\/2019\/09\/Logo-URC-tondo-copy2.png","width":360,"height":360},{"@type":"BreadcrumbList","@id":"https:\/\/www.capitolina.com\/wp\/assemblea-dei-soci-2022\/#breadcrumb","itemListElement":[{"@type":"ListItem","position":1,"name":"Home","item":"https:\/\/www.capitolina.com\/wp\/"},{"@type":"ListItem","position":2,"name":"Assemblea dei Soci 2022"}]},{"@type":"WebSite","@id":"https:\/\/www.capitolina.com\/wp\/#website","url":"https:\/\/www.capitolina.com\/wp\/","name":"Unione Rugby Capitolina - Il Rugby a Roma dal 1996","description":"Il Rugby a Roma dal 1996","publisher":{"@id":"https:\/\/www.capitolina.com\/wp\/#organization"},"potentialAction":[{"@type":"SearchAction","target":{"@type":"EntryPoint","urlTemplate":"https:\/\/www.capitolina.com\/wp\/?s={search_term_string}"},"query-input":{"@type":"PropertyValueSpecification","valueRequired":true,"valueName":"search_term_string"}}],"inLanguage":"it-IT"},{"@type":"Organization","@id":"https:\/\/www.capitolina.com\/wp\/#organization","name":"Unione Rugby Capitolina","url":"https:\/\/www.capitolina.com\/wp\/","logo":{"@type":"ImageObject","inLanguage":"it-IT","@id":"https:\/\/www.capitolina.com\/wp\/#\/schema\/logo\/image\/","url":"https:\/\/www.capitolina.com\/wp\/wp-content\/uploads\/2019\/09\/Logo-URC-tondo-copy2.png","contentUrl":"https:\/\/www.capitolina.com\/wp\/wp-content\/uploads\/2019\/09\/Logo-URC-tondo-copy2.png","width":360,"height":360,"caption":"Unione Rugby Capitolina"},"image":{"@id":"https:\/\/www.capitolina.com\/wp\/#\/schema\/logo\/image\/"}},{"@type":"Person","@id":"https:\/\/www.capitolina.com\/wp\/#\/schema\/person\/0dd0670ab7d4379c9388811c4635545f","name":"Alessandro Martire","image":{"@type":"ImageObject","inLanguage":"it-IT","@id":"https:\/\/secure.gravatar.com\/avatar\/22223e1861dffde7f48d885f9c472f4e36a80800253f17b54d61a202ae8386bf?s=96&d=mm&r=g","url":"https:\/\/secure.gravatar.com\/avatar\/22223e1861dffde7f48d885f9c472f4e36a80800253f17b54d61a202ae8386bf?s=96&d=mm&r=g","contentUrl":"https:\/\/secure.gravatar.com\/avatar\/22223e1861dffde7f48d885f9c472f4e36a80800253f17b54d61a202ae8386bf?s=96&d=mm&r=g","caption":"Alessandro Martire"},"url":"https:\/\/www.capitolina.com\/wp\/author\/alessandro-martire\/"}]}},"uagb_featured_image_src":{"full":["https:\/\/www.capitolina.com\/wp\/wp-content\/uploads\/2019\/09\/Logo-URC-tondo-copy2.png",360,360,false],"thumbnail":["https:\/\/www.capitolina.com\/wp\/wp-content\/uploads\/2019\/09\/Logo-URC-tondo-copy2-150x150.png",150,150,true],"medium":["https:\/\/www.capitolina.com\/wp\/wp-content\/uploads\/2019\/09\/Logo-URC-tondo-copy2-300x300.png",300,300,true],"medium_large":["https:\/\/www.capitolina.com\/wp\/wp-content\/uploads\/2019\/09\/Logo-URC-tondo-copy2.png",360,360,false],"large":["https:\/\/www.capitolina.com\/wp\/wp-content\/uploads\/2019\/09\/Logo-URC-tondo-copy2.png",360,360,false],"1536x1536":["https:\/\/www.capitolina.com\/wp\/wp-content\/uploads\/2019\/09\/Logo-URC-tondo-copy2.png",360,360,false],"2048x2048":["https:\/\/www.capitolina.com\/wp\/wp-content\/uploads\/2019\/09\/Logo-URC-tondo-copy2.png",360,360,false],"mailpoet_newsletter_max":["https:\/\/www.capitolina.com\/wp\/wp-content\/uploads\/2019\/09\/Logo-URC-tondo-copy2.png",360,360,false]},"uagb_author_info":{"display_name":"Alessandro Martire","author_link":"https:\/\/www.capitolina.com\/wp\/author\/alessandro-martire\/"},"uagb_comment_info":0,"uagb_excerpt":"All\u2019interno della tensostruttura si \u00e8 svolta ieri, 28 novembre, la consueta Assemblea annuale dei Soci. L\u2019alto numero di partecipanti dimostra [&hellip;]","_links":{"self":[{"href":"https:\/\/www.capitolina.com\/wp\/wp-json\/wp\/v2\/posts\/22577","targetHints":{"allow":["GET"]}}],"collection":[{"href":"https:\/\/www.capitolina.com\/wp\/wp-json\/wp\/v2\/posts"}],"about":[{"href":"https:\/\/www.capitolina.com\/wp\/wp-json\/wp\/v2\/types\/post"}],"author":[{"embeddable":true,"href":"https:\/\/www.capitolina.com\/wp\/wp-json\/wp\/v2\/users\/5"}],"replies":[{"embeddable":true,"href":"https:\/\/www.capitolina.com\/wp\/wp-json\/wp\/v2\/comments?post=22577"}],"version-history":[{"count":1,"href":"https:\/\/www.capitolina.com\/wp\/wp-json\/wp\/v2\/posts\/22577\/revisions"}],"predecessor-version":[{"id":22581,"href":"https:\/\/www.capitolina.com\/wp\/wp-json\/wp\/v2\/posts\/22577\/revisions\/22581"}],"wp:featuredmedia":[{"embeddable":true,"href":"https:\/\/www.capitolina.com\/wp\/wp-json\/wp\/v2\/media\/15660"}],"wp:attachment":[{"href":"https:\/\/www.capitolina.com\/wp\/wp-json\/wp\/v2\/media?parent=22577"}],"wp:term":[{"taxonomy":"category","embeddable":true,"href":"https:\/\/www.capitolina.com\/wp\/wp-json\/wp\/v2\/categories?post=22577"},{"taxonomy":"post_tag","embeddable":true,"href":"https:\/\/www.capitolina.com\/wp\/wp-json\/wp\/v2\/tags?post=22577"}],"curies":[{"name":"wp","href":"https:\/\/api.w.org\/{rel}","templated":true}]}}