 {"id":18785,"date":"2020-11-20T10:47:21","date_gmt":"2020-11-20T09:47:21","guid":{"rendered":"http:\/\/www.capitolina.com\/wp\/?p=18785"},"modified":"2020-11-21T18:00:38","modified_gmt":"2020-11-21T17:00:38","slug":"conosciamo-ceddu-un-pezzo-di-storia-capitolina","status":"publish","type":"post","link":"https:\/\/www.capitolina.com\/wp\/conosciamo-ceddu-un-pezzo-di-storia-capitolina\/","title":{"rendered":"Conosciamo Ceddu, un pezzo di storia Capitolina"},"content":{"rendered":"\n<div class=\"wp-block-image is-style-default\"><figure class=\"alignleft size-large is-resized\"><img decoding=\"async\" src=\"https:\/\/www.capitolina.com\/wp\/wp-content\/uploads\/2020\/11\/Intervista-Cesare-Marrucci-Unione-Rugby-Capitolina-4-edited.jpg\" alt=\"\" class=\"wp-image-18797\" width=\"250\" height=\"250\" srcset=\"https:\/\/www.capitolina.com\/wp\/wp-content\/uploads\/2020\/11\/Intervista-Cesare-Marrucci-Unione-Rugby-Capitolina-4-edited.jpg 499w, https:\/\/www.capitolina.com\/wp\/wp-content\/uploads\/2020\/11\/Intervista-Cesare-Marrucci-Unione-Rugby-Capitolina-4-edited-300x300.jpg 300w, https:\/\/www.capitolina.com\/wp\/wp-content\/uploads\/2020\/11\/Intervista-Cesare-Marrucci-Unione-Rugby-Capitolina-4-edited-150x150.jpg 150w, https:\/\/www.capitolina.com\/wp\/wp-content\/uploads\/2020\/11\/Intervista-Cesare-Marrucci-Unione-Rugby-Capitolina-4-edited-480x480.jpg 480w, https:\/\/www.capitolina.com\/wp\/wp-content\/uploads\/2020\/11\/Intervista-Cesare-Marrucci-Unione-Rugby-Capitolina-4-edited-45x45.jpg 45w\" sizes=\"(max-width: 250px) 100vw, 250px\" \/><\/figure><\/div>\n\n\n\n<p><em>Cesare Marrucci detto \u201cCeddu\u201d nasce a Roma il primo febbraio 1985, ha due bambini avuti da sua moglie Silvia, Bianca e Ludovico di cinque e un anno.<\/em><em>Suo padre Enzo, da cui eredita il temperamento riflessivo, ha fondato la fortunata azienda di famiglia di impianti di condizionamento tecnologici per grandi imprese. Sua madre Alessandra, di cui Ceddu parla con singolare dolcezza, si \u00e8 sposata giovanissima: maschiaccio da bambina, atletica da donna, amante dello sport, lettrice appassionata, altruista per natura, ha sempre sognato di scrivere un romanzo.<\/em><\/p>\n\n\n\n<p><em>Ceddu ha tre fratelli: Paolo gestisce l\u2019azienda di suo padre, grande appassionato di volo, lettore onnivoro. Giulia, quasi coetanea, \u00e8 laureata in Economia e lavora in azienda. Ha il brevetto da pilota e l\u2019hobby del teatro comico. Claudio, dalla profondit\u00e0 d\u2019animo non comune, lavora con i fratelli e allena una squadra di Rugby in carrozzina, con i ragazzi, grandi tifosi dei Bisonti, esce spesso la sera.&nbsp;<\/em><\/p>\n\n\n\n<h5 class=\"wp-block-heading\">Perch\u00e9 Ceddu?<\/h5>\n\n\n\n<p>Soprannome dei miei primi allenatori capitolini: ribattezzato Cesariddu, poi Ceddu, per l\u2019inflessione sarda tornato dalle vacanze estive.<\/p>\n\n\n\n<h5 class=\"wp-block-heading\">Che bambino sei stato?&nbsp;<\/h5>\n\n\n\n<p>Timido, indipendente, diffidente.<\/p>\n\n\n\n<h5 class=\"wp-block-heading\">Ricordi d\u2019infanzia indelebili?<\/h5>\n\n\n\n<p>Le note di Acqua Azzurra Acqua Chiara e Attenti al Lupo in macchina, con mia madre. L\u2019odore della casa dei miei nonni.<\/p>\n\n\n\n<h5 class=\"wp-block-heading\">Un\u2019istantanea di tua madre che porti nel cuore?<\/h5>\n\n\n\n<p>Sugli spalti, che mi guarda giocare.<\/p>\n\n\n\n<h5 class=\"wp-block-heading\">E di tuo padre?<\/h5>\n\n\n\n<p>Mentre mi mette a sedere sull\u2019aereo.<\/p>\n\n\n\n<h5 class=\"wp-block-heading\">Sei nato in una famiglia di appassionati di volo: tuo padre, pilota sportivo italiano dal 1974 ad oggi, Campione Italiano di Rally Aereo, Medaglia di Bronzo al valore sportivo del Coni, vincitore di due Coppe del Mondo di Rally aereo, vincitore dei campionati del mondo a squadre, azzurro tre volte ai campionati del mondo. Com\u2019\u00e8 nata questa passione in famiglia e come l\u2019hai vissuta personalmente?<\/h5>\n\n\n\n<p>Mio padre \u00e8 stato da sempre appassionato di volo: si \u00e8 iscritto ai corsi dell\u2019Aeronautica giovanissimo e appena possibile, ha comprato un aereo da turismo. Ha gareggiato sempre con mia madre: suo copilota in aria come nella vita. La domenica per me era normale spostarsi in aereo, girare per gli aeroclub d\u2019Italia: ho vissuto questa scelta un po\u2019 avventurosa in modo del tutto naturale.&nbsp;<\/p>\n\n\n\n<figure class=\"wp-block-gallery columns-2 is-cropped wp-block-gallery-1 is-layout-flex wp-block-gallery-is-layout-flex\"><ul class=\"blocks-gallery-grid\"><li class=\"blocks-gallery-item\"><figure><img decoding=\"async\" width=\"667\" height=\"500\" src=\"https:\/\/www.capitolina.com\/wp\/wp-content\/uploads\/2020\/11\/Intervista-Cesare-Marrucci-Unione-Rugby-Capitolina-1.jpg\" alt=\"\" data-id=\"18791\" data-full-url=\"https:\/\/www.capitolina.com\/wp\/wp-content\/uploads\/2020\/11\/Intervista-Cesare-Marrucci-Unione-Rugby-Capitolina-1.jpg\" data-link=\"https:\/\/www.capitolina.com\/wp\/?attachment_id=18791\" class=\"wp-image-18791\" srcset=\"https:\/\/www.capitolina.com\/wp\/wp-content\/uploads\/2020\/11\/Intervista-Cesare-Marrucci-Unione-Rugby-Capitolina-1.jpg 667w, https:\/\/www.capitolina.com\/wp\/wp-content\/uploads\/2020\/11\/Intervista-Cesare-Marrucci-Unione-Rugby-Capitolina-1-300x225.jpg 300w\" sizes=\"(max-width: 667px) 100vw, 667px\" \/><figcaption class=\"blocks-gallery-item__caption\">Da destra: pap\u00e0 Enzo, mamma Sandra, i fratelli Paolo, Giulia e Claudio, e i figli Bianca e Ludovico. Ceddu \u00e8 in fondo<\/figcaption><\/figure><\/li><li class=\"blocks-gallery-item\"><figure><img decoding=\"async\" width=\"667\" height=\"500\" src=\"https:\/\/www.capitolina.com\/wp\/wp-content\/uploads\/2020\/11\/Intervista-Cesare-Marrucci-Unione-Rugby-Capitolina-3.jpg\" alt=\"\" data-id=\"18793\" data-full-url=\"https:\/\/www.capitolina.com\/wp\/wp-content\/uploads\/2020\/11\/Intervista-Cesare-Marrucci-Unione-Rugby-Capitolina-3.jpg\" data-link=\"https:\/\/www.capitolina.com\/wp\/?attachment_id=18793\" class=\"wp-image-18793\" srcset=\"https:\/\/www.capitolina.com\/wp\/wp-content\/uploads\/2020\/11\/Intervista-Cesare-Marrucci-Unione-Rugby-Capitolina-3.jpg 667w, https:\/\/www.capitolina.com\/wp\/wp-content\/uploads\/2020\/11\/Intervista-Cesare-Marrucci-Unione-Rugby-Capitolina-3-300x225.jpg 300w\" sizes=\"(max-width: 667px) 100vw, 667px\" \/><figcaption class=\"blocks-gallery-item__caption\">Uno degli aerei di pap\u00e0 Enzo, dedicato ai quattro figli<\/figcaption><\/figure><\/li><\/ul><\/figure>\n\n\n\n<h5 class=\"wp-block-heading\">Ricordi un episodio particolare legato al volo?<\/h5>\n\n\n\n<p>Durante una tappa del Giro Aereo d\u2019Italia, abbiamo fatto (cosa rara) tutti e quattro il giro della Campania: all\u2019\u201cequipaggio\u201d distribuivano fotografie con i luoghi sorvolati da identificare in volo e segnare sulla mappa. Mia madre ricorda lei e mio padre davanti, noi figli piccoli dietro, affacciati ai finestrini, fingendo di dare indicazioni corrette, avr\u00f2 avuto cinque anni.&nbsp;<\/p>\n\n\n\n<p>Ricordo la sorpresa nel ricevere dopo qualche giorno la Coppa del Primo Premio che ignoravamo di aver vinto, finendo tutti e quattro sul Mattino di Napoli!&nbsp;<\/p>\n\n\n\n<figure class=\"wp-block-gallery columns-2 is-cropped wp-block-gallery-2 is-layout-flex wp-block-gallery-is-layout-flex\"><ul class=\"blocks-gallery-grid\"><li class=\"blocks-gallery-item\"><figure><a href=\"https:\/\/www.capitolina.com\/wp\/?attachment_id=18800\"><img decoding=\"async\" width=\"300\" height=\"169\" src=\"https:\/\/www.capitolina.com\/wp\/wp-content\/uploads\/2020\/11\/Intervista-Cesare-Marrucci-Unione-Rugby-Capitolina-8-300x169.jpeg\" alt=\"\" data-id=\"18800\" data-link=\"https:\/\/www.capitolina.com\/wp\/?attachment_id=18800\" class=\"wp-image-18800\" srcset=\"https:\/\/www.capitolina.com\/wp\/wp-content\/uploads\/2020\/11\/Intervista-Cesare-Marrucci-Unione-Rugby-Capitolina-8-300x169.jpeg 300w, https:\/\/www.capitolina.com\/wp\/wp-content\/uploads\/2020\/11\/Intervista-Cesare-Marrucci-Unione-Rugby-Capitolina-8-768x432.jpeg 768w, https:\/\/www.capitolina.com\/wp\/wp-content\/uploads\/2020\/11\/Intervista-Cesare-Marrucci-Unione-Rugby-Capitolina-8.jpeg 889w\" sizes=\"(max-width: 300px) 100vw, 300px\" \/><\/a><figcaption class=\"blocks-gallery-item__caption\">Ferrara 1996<br>Ceddu \u00e8 il secondo da destra<\/figcaption><\/figure><\/li><li class=\"blocks-gallery-item\"><figure><a href=\"https:\/\/www.capitolina.com\/wp\/?attachment_id=18802\"><img decoding=\"async\" width=\"300\" height=\"205\" src=\"https:\/\/www.capitolina.com\/wp\/wp-content\/uploads\/2020\/11\/Intervista-Cesare-Marrucci-Unione-Rugby-Capitolina-7-300x205.jpeg\" alt=\"\" data-id=\"18802\" data-link=\"https:\/\/www.capitolina.com\/wp\/?attachment_id=18802\" class=\"wp-image-18802\" srcset=\"https:\/\/www.capitolina.com\/wp\/wp-content\/uploads\/2020\/11\/Intervista-Cesare-Marrucci-Unione-Rugby-Capitolina-7-300x205.jpeg 300w, https:\/\/www.capitolina.com\/wp\/wp-content\/uploads\/2020\/11\/Intervista-Cesare-Marrucci-Unione-Rugby-Capitolina-7.jpeg 731w\" sizes=\"(max-width: 300px) 100vw, 300px\" \/><\/a><figcaption class=\"blocks-gallery-item__caption\">Insieme a George Coste<\/figcaption><\/figure><\/li><li class=\"blocks-gallery-item\"><figure><a href=\"https:\/\/www.capitolina.com\/wp\/?attachment_id=18801\"><img decoding=\"async\" width=\"300\" height=\"240\" src=\"https:\/\/www.capitolina.com\/wp\/wp-content\/uploads\/2020\/11\/Intervista-Cesare-Marrucci-Unione-Rugby-Capitolina-6-300x240.jpeg\" alt=\"\" data-id=\"18801\" data-link=\"https:\/\/www.capitolina.com\/wp\/?attachment_id=18801\" class=\"wp-image-18801\" srcset=\"https:\/\/www.capitolina.com\/wp\/wp-content\/uploads\/2020\/11\/Intervista-Cesare-Marrucci-Unione-Rugby-Capitolina-6-300x240.jpeg 300w, https:\/\/www.capitolina.com\/wp\/wp-content\/uploads\/2020\/11\/Intervista-Cesare-Marrucci-Unione-Rugby-Capitolina-6.jpeg 625w\" sizes=\"(max-width: 300px) 100vw, 300px\" \/><\/a><figcaption class=\"blocks-gallery-item__caption\">Ceddu, Filippo Toniolatti, Giacomo Casella<\/figcaption><\/figure><\/li><li class=\"blocks-gallery-item\"><figure><a href=\"https:\/\/www.capitolina.com\/wp\/?attachment_id=18814\"><img decoding=\"async\" width=\"300\" height=\"201\" src=\"https:\/\/www.capitolina.com\/wp\/wp-content\/uploads\/2020\/11\/Intervista-Cesare-Marrucci-Unione-Rugby-Capitolina-10-300x201.jpg\" alt=\"\" data-id=\"18814\" data-full-url=\"https:\/\/www.capitolina.com\/wp\/wp-content\/uploads\/2020\/11\/Intervista-Cesare-Marrucci-Unione-Rugby-Capitolina-10.jpg\" data-link=\"https:\/\/www.capitolina.com\/wp\/?attachment_id=18814\" class=\"wp-image-18814\" srcset=\"https:\/\/www.capitolina.com\/wp\/wp-content\/uploads\/2020\/11\/Intervista-Cesare-Marrucci-Unione-Rugby-Capitolina-10-300x201.jpg 300w, https:\/\/www.capitolina.com\/wp\/wp-content\/uploads\/2020\/11\/Intervista-Cesare-Marrucci-Unione-Rugby-Capitolina-10.jpg 747w\" sizes=\"(max-width: 300px) 100vw, 300px\" \/><\/a><figcaption class=\"blocks-gallery-item__caption\">Finale U.19 al Flaminio del 2003<\/figcaption><\/figure><\/li><\/ul><\/figure>\n\n\n\n<h5 class=\"wp-block-heading\">Tu e il rugby: com\u2019\u00e8 nata questa passione, a quanti anni hai iniziato?&nbsp;<\/h5>\n\n\n\n<p>Primo allenamento alla Primavera, accompagnavo un amichetto. Poi Cus Roma e Unione Rugby Capitolina (di cui mio padre \u00e8 stato socio fondatore) dal secondo anno di u12 fino alla 18, poi Prima e Seconda squadra, Serie A, B C, Eccellenza. A ventotto anni ho iniziato a lavorare per la Federazione.&nbsp;<\/p>\n\n\n\n<h5 class=\"wp-block-heading\">Raccontaci del tuo attuale lavoro in Fir<\/h5>\n\n\n\n<p>Sono Responsabile Tecnico del Centro di Formazione Permanente di Roma (Cdfp), un progetto Fir che seleziona attraverso i Comitati e come staff i migliori profili rugbistici del Centro Sud d\u2019Italia: lavoriamo sullo sviluppo sociale e sportivo di questi giovani talenti.<\/p>\n\n\n\n<h5 class=\"wp-block-heading\">Una domanda di Andrea Cococcetta tuo ex allenatore: cosa dici a questi ragazzi che entrano al Centro di Formazione Federale con tante aspettative e sogni nello zaino?<\/h5>\n\n\n\n<p>Mi complimento sempre per il lavoro svolto nei Club e durante l\u2019attivit\u00e0 regionale, li esorto a godere di questa opportunit\u00e0 preziosa ma impegnativa: la routine cambia, molti di loro si trasferiscono all\u2019interno del Centro, altri cambiano scuola, il carico di lavoro aumenta. Ricordo sempre che lo staff \u00e8 a completa disposizione, ma la richiesta \u00e8 alta e non tutti accederanno automaticamente al massimo livello. L\u2019 importante \u00e8 provare comunque a dare il massimo per emergere, riempire \u201clo zaino di sogni\u201d per usare la metafora di Cococcetta.&nbsp;<\/p>\n\n\n\n<figure class=\"wp-block-gallery columns-3 is-cropped wp-block-gallery-3 is-layout-flex wp-block-gallery-is-layout-flex\"><ul class=\"blocks-gallery-grid\"><li class=\"blocks-gallery-item\"><figure><a href=\"https:\/\/www.capitolina.com\/wp\/?attachment_id=18817\"><img decoding=\"async\" width=\"667\" height=\"500\" src=\"https:\/\/www.capitolina.com\/wp\/wp-content\/uploads\/2020\/11\/Intervista-Cesare-Marrucci-Unione-Rugby-Capitolina-17.jpg\" alt=\"\" data-id=\"18817\" data-full-url=\"https:\/\/www.capitolina.com\/wp\/wp-content\/uploads\/2020\/11\/Intervista-Cesare-Marrucci-Unione-Rugby-Capitolina-17.jpg\" data-link=\"https:\/\/www.capitolina.com\/wp\/?attachment_id=18817\" class=\"wp-image-18817\" srcset=\"https:\/\/www.capitolina.com\/wp\/wp-content\/uploads\/2020\/11\/Intervista-Cesare-Marrucci-Unione-Rugby-Capitolina-17.jpg 667w, https:\/\/www.capitolina.com\/wp\/wp-content\/uploads\/2020\/11\/Intervista-Cesare-Marrucci-Unione-Rugby-Capitolina-17-300x225.jpg 300w\" sizes=\"(max-width: 667px) 100vw, 667px\" \/><\/a><\/figure><\/li><li class=\"blocks-gallery-item\"><figure><a href=\"https:\/\/www.capitolina.com\/wp\/?attachment_id=18806\"><img decoding=\"async\" width=\"500\" height=\"500\" src=\"https:\/\/www.capitolina.com\/wp\/wp-content\/uploads\/2020\/11\/Intervista-Cesare-Marrucci-Unione-Rugby-Capitolina-9.jpg\" alt=\"\" data-id=\"18806\" data-full-url=\"https:\/\/www.capitolina.com\/wp\/wp-content\/uploads\/2020\/11\/Intervista-Cesare-Marrucci-Unione-Rugby-Capitolina-9.jpg\" data-link=\"https:\/\/www.capitolina.com\/wp\/?attachment_id=18806\" class=\"wp-image-18806\" srcset=\"https:\/\/www.capitolina.com\/wp\/wp-content\/uploads\/2020\/11\/Intervista-Cesare-Marrucci-Unione-Rugby-Capitolina-9.jpg 500w, https:\/\/www.capitolina.com\/wp\/wp-content\/uploads\/2020\/11\/Intervista-Cesare-Marrucci-Unione-Rugby-Capitolina-9-300x300.jpg 300w, https:\/\/www.capitolina.com\/wp\/wp-content\/uploads\/2020\/11\/Intervista-Cesare-Marrucci-Unione-Rugby-Capitolina-9-150x150.jpg 150w, https:\/\/www.capitolina.com\/wp\/wp-content\/uploads\/2020\/11\/Intervista-Cesare-Marrucci-Unione-Rugby-Capitolina-9-480x480.jpg 480w, https:\/\/www.capitolina.com\/wp\/wp-content\/uploads\/2020\/11\/Intervista-Cesare-Marrucci-Unione-Rugby-Capitolina-9-45x45.jpg 45w\" sizes=\"(max-width: 500px) 100vw, 500px\" \/><\/a><\/figure><\/li><li class=\"blocks-gallery-item\"><figure><a href=\"https:\/\/www.capitolina.com\/wp\/?attachment_id=18818\"><img decoding=\"async\" width=\"460\" height=\"500\" src=\"https:\/\/www.capitolina.com\/wp\/wp-content\/uploads\/2020\/11\/Intervista-Cesare-Marrucci-Unione-Rugby-Capitolina-18.jpg\" alt=\"\" data-id=\"18818\" data-full-url=\"https:\/\/www.capitolina.com\/wp\/wp-content\/uploads\/2020\/11\/Intervista-Cesare-Marrucci-Unione-Rugby-Capitolina-18.jpg\" data-link=\"https:\/\/www.capitolina.com\/wp\/?attachment_id=18818\" class=\"wp-image-18818\" srcset=\"https:\/\/www.capitolina.com\/wp\/wp-content\/uploads\/2020\/11\/Intervista-Cesare-Marrucci-Unione-Rugby-Capitolina-18.jpg 460w, https:\/\/www.capitolina.com\/wp\/wp-content\/uploads\/2020\/11\/Intervista-Cesare-Marrucci-Unione-Rugby-Capitolina-18-276x300.jpg 276w\" sizes=\"(max-width: 460px) 100vw, 460px\" \/><\/a><\/figure><\/li><\/ul><\/figure>\n\n\n\n<h5 class=\"wp-block-heading\">Cosa ti affascina del tuo lavoro di allenatore?<\/h5>\n\n\n\n<p>Mettere la sensibilit\u00e0 al servizio della crescita di qualcun altro. Personalmente mi definisco pi\u00f9 formatore che allenatore.<\/p>\n\n\n\n<h5 class=\"wp-block-heading\">Cosa intendi?<\/h5>\n\n\n\n<p>Non faccio competizione, non vivo situazioni in cui sono sotto pressione, non vedo il prodotto finito in prestazione la domenica. Lavoro su risultati a lungo termine che dipendono solo in parte dal mio intervento.&nbsp;<\/p>\n\n\n\n<h5 class=\"wp-block-heading\">Qual \u00e8 il confine tra empatia e durezza in quello che fai?<\/h5>\n\n\n\n<p>Bisogna essere esigenti, non credo nella durezza in campo.<\/p>\n\n\n\n<h5 class=\"wp-block-heading\">Ricordi il tuo primo impatto col campo?&nbsp;<\/h5>\n\n\n\n<p>Ero preoccupato, ho sempre bisogno di studiare un contesto nuovo.<\/p>\n\n\n\n<h5 class=\"wp-block-heading\">Cosa ha funzionato tra te e il rugby?<\/h5>\n\n\n\n<p>Mi ha \u201csbloccato\u201d. Per la prima volta in vita mia mi sono sentito in contatto con altri esseri umani, riuscivo in qualcosa con le mie forze ed ero utile alla causa. Una lezione di vita che mi \u00e8 servita in ogni altro ambito.<\/p>\n\n\n\n<h5 class=\"wp-block-heading\">Secondo te quali sono gli ingredienti per avviare un figlio allo sport?<\/h5>\n\n\n\n<p>Non dubitare mai dell\u2019importanza dello sport per i nostri figli: tutti gli sport, senza demonizzarne alcuni o esaltarne altri, lasciarli liberi di sperimentare, che non significa cambiare due sport al mese, cosa controproducente. Poi c\u2019\u00e8 il tema dell\u2019impegno, duplice e delicato: devono acquisire consapevolezza dell\u2019impegno preso ed essere gratificati per quello profuso nella giusta maniera: per la passione, l\u2019entusiasmo, la costanza, non per il risultato.&nbsp;<\/p>\n\n\n\n<figure class=\"wp-block-gallery columns-3 is-cropped wp-block-gallery-4 is-layout-flex wp-block-gallery-is-layout-flex\"><ul class=\"blocks-gallery-grid\"><li class=\"blocks-gallery-item\"><figure><a href=\"https:\/\/www.capitolina.com\/wp\/?attachment_id=18807\"><img decoding=\"async\" width=\"500\" height=\"500\" src=\"https:\/\/www.capitolina.com\/wp\/wp-content\/uploads\/2020\/11\/Schermata-2020-11-19-alle-10.59.28.png\" alt=\"\" data-id=\"18807\" data-link=\"https:\/\/www.capitolina.com\/wp\/?attachment_id=18807\" class=\"wp-image-18807\" srcset=\"https:\/\/www.capitolina.com\/wp\/wp-content\/uploads\/2020\/11\/Schermata-2020-11-19-alle-10.59.28.png 500w, https:\/\/www.capitolina.com\/wp\/wp-content\/uploads\/2020\/11\/Schermata-2020-11-19-alle-10.59.28-300x300.png 300w, https:\/\/www.capitolina.com\/wp\/wp-content\/uploads\/2020\/11\/Schermata-2020-11-19-alle-10.59.28-150x150.png 150w, https:\/\/www.capitolina.com\/wp\/wp-content\/uploads\/2020\/11\/Schermata-2020-11-19-alle-10.59.28-480x480.png 480w, https:\/\/www.capitolina.com\/wp\/wp-content\/uploads\/2020\/11\/Schermata-2020-11-19-alle-10.59.28-45x45.png 45w\" sizes=\"(max-width: 500px) 100vw, 500px\" \/><\/a><\/figure><\/li><li class=\"blocks-gallery-item\"><figure><a href=\"https:\/\/www.capitolina.com\/wp\/?attachment_id=18808\"><img decoding=\"async\" width=\"721\" height=\"472\" src=\"https:\/\/www.capitolina.com\/wp\/wp-content\/uploads\/2020\/11\/Intervista-Cesare-Marrucci-Unione-Rugby-Capitolina-12.png\" alt=\"\" data-id=\"18808\" data-link=\"https:\/\/www.capitolina.com\/wp\/?attachment_id=18808\" class=\"wp-image-18808\" srcset=\"https:\/\/www.capitolina.com\/wp\/wp-content\/uploads\/2020\/11\/Intervista-Cesare-Marrucci-Unione-Rugby-Capitolina-12.png 721w, https:\/\/www.capitolina.com\/wp\/wp-content\/uploads\/2020\/11\/Intervista-Cesare-Marrucci-Unione-Rugby-Capitolina-12-300x196.png 300w\" sizes=\"(max-width: 721px) 100vw, 721px\" \/><\/a><figcaption class=\"blocks-gallery-item__caption\">2013 &#8211; Premiazione dopo la finale di Serie A con il Recco<\/figcaption><\/figure><\/li><li class=\"blocks-gallery-item\"><figure><a href=\"https:\/\/www.capitolina.com\/wp\/?attachment_id=18809\"><img decoding=\"async\" width=\"674\" height=\"500\" src=\"https:\/\/www.capitolina.com\/wp\/wp-content\/uploads\/2020\/11\/Intervista-Cesare-Marrucci-Unione-Rugby-Capitolina-15.png\" alt=\"\" data-id=\"18809\" data-link=\"https:\/\/www.capitolina.com\/wp\/?attachment_id=18809\" class=\"wp-image-18809\" srcset=\"https:\/\/www.capitolina.com\/wp\/wp-content\/uploads\/2020\/11\/Intervista-Cesare-Marrucci-Unione-Rugby-Capitolina-15.png 674w, https:\/\/www.capitolina.com\/wp\/wp-content\/uploads\/2020\/11\/Intervista-Cesare-Marrucci-Unione-Rugby-Capitolina-15-300x223.png 300w\" sizes=\"(max-width: 674px) 100vw, 674px\" \/><\/a><\/figure><\/li><\/ul><\/figure>\n\n\n\n<h5 class=\"wp-block-heading\"><strong>Una partita particolarmente sofferta che ricordi?<\/strong><\/h5>\n\n\n\n<p>Dopo una partita in u 16, giocavo con Giulio Toniolatti, Gregorio Rebecchini, Ivan Martire, Alberto Budini, Carlo Curti, Alessandro Baracchi, Severiano Recchi ed altri. Avevamo vinto un campionato regionale e dovevamo sfidare L\u2019Aquila allenata da Cococcetta per accedere alle finali nazionali. Perdemmo la partita, avevo dato tutto e per la prima volta in vita mia ho avuto una crisi di pianto vera e propria: non riuscivo a smettere, ho pianto al terzo tempo, sotto le docce, in pullman, sempre.<\/p>\n\n\n\n<h5 class=\"wp-block-heading\"><strong>In quale ruolo hai giocato?<\/strong><\/h5>\n\n\n\n<p>Ho giocato tutti i ruoli, in particolare secondo centro, con la maglia numero 13.<\/p>\n\n\n\n<h5 class=\"wp-block-heading\">Il giocatore pi\u00f9 forte che hai visto giocare all\u2019Unione Rugby Capitolina?<\/h5>\n\n\n\n<p>Sebastian Caffaratti.<\/p>\n\n\n\n<h5 class=\"wp-block-heading\">E in senso assoluto?<\/h5>\n\n\n\n<p>Bryan O\u2019Driscoll<\/p>\n\n\n\n<h5 class=\"wp-block-heading\">Capitolina sotto il sole o sotto la luna?&nbsp;<\/h5>\n\n\n\n<p>Decisamente di sera! Nella mia memoria da ragazzino \u00e8 ancora l\u2019orario dell\u2019allenamento \u201cdei grandi\u201d, obiettivo ambitissimo per chi cresce qui.<\/p>\n\n\n\n<h5 class=\"wp-block-heading\">La partita pi\u00f9 bella a cui hai assistito all\u2019 Unione Rugby Capitolina?<\/h5>\n\n\n\n<p>Capitolina-Colorno, maggio 2019: un piazzato di Livio Romano. In campo il senso d\u2019appartenenza alla maglia, ragazzi che avevo allenato, compagni con cui avevo giocato, un\u2019emozione unica.<\/p>\n\n\n\n<h5 class=\"wp-block-heading\">Cosa ti fa pi\u00f9 paura?<\/h5>\n\n\n\n<p>Rimanere solo.<\/p>\n\n\n\n<h5 class=\"wp-block-heading\">Di cosa sar\u00e0 pi\u00f9 bello riappropriarti quando la pandemia sar\u00e0 finita?<\/h5>\n\n\n\n<div class=\"wp-block-image is-style-default\"><figure class=\"alignleft size-medium is-resized\"><img decoding=\"async\" src=\"https:\/\/www.capitolina.com\/wp\/wp-content\/uploads\/2020\/11\/Intervista-Cesare-Marrucci-Unione-Rugby-Capitolina-2-1-edited.jpg\" alt=\"\" class=\"wp-image-18813\" width=\"188\" height=\"188\" srcset=\"https:\/\/www.capitolina.com\/wp\/wp-content\/uploads\/2020\/11\/Intervista-Cesare-Marrucci-Unione-Rugby-Capitolina-2-1-edited.jpg 375w, https:\/\/www.capitolina.com\/wp\/wp-content\/uploads\/2020\/11\/Intervista-Cesare-Marrucci-Unione-Rugby-Capitolina-2-1-edited-300x300.jpg 300w, https:\/\/www.capitolina.com\/wp\/wp-content\/uploads\/2020\/11\/Intervista-Cesare-Marrucci-Unione-Rugby-Capitolina-2-1-edited-150x150.jpg 150w, https:\/\/www.capitolina.com\/wp\/wp-content\/uploads\/2020\/11\/Intervista-Cesare-Marrucci-Unione-Rugby-Capitolina-2-1-edited-45x45.jpg 45w\" sizes=\"(max-width: 188px) 100vw, 188px\" \/><figcaption><em>Insieme alla moglie Silvia<\/em><\/figcaption><\/figure><\/div>\n\n\n\n<p>Il contatto con le persone, non aver paura di una stretta di mano, di un abbraccio, rileggere le espressioni sul viso della gente\u2026e uscire quando mi pare!<\/p>\n\n\n\n<p><em>Un\u2019economia di parole si addice a Ceddu pi\u00f9 di qualunque sforzo descrittivo.&nbsp;<\/em><\/p>\n\n\n\n<p><em>A niente vale una mascherina su un sorriso che illumina il viso intero: lo sguaina da lontano, te lo cava fuori anche quando non ne hai voglia, e ti contagia. Avr\u00e0 forse assorbito un po\u2019 di quella leggerezza di cuore da piccolo,<\/em> <em>attraverso le nuvole, tra chi domina l\u2019aria, l\u2019elemento pi\u00f9 impalpabile che esista. Se \u00e8 cos\u00ec, l\u2019ha saputa coniugare in modo personale con l\u2019esperienza concreta del campo da rugby. Partita dopo partita, spogliatoio dopo spogliatoio, col caldo, il gelo, le ferite, la terra, il vento, \u00e8 diventato chi \u00e8 oggi, un riferimento non solo sportivo, una persona semplice, ma ricca di personalit\u00e0: timida ed amichevole, sofferta e gioiosa, riservata e aperta.&nbsp;<\/em><\/p>\n\n\n\n<p class=\"has-text-align-right\">Maria Palombella<\/p>\n","protected":false},"excerpt":{"rendered":"<p>Cesare Marrucci detto \u201cCeddu\u201d nasce a Roma il primo febbraio 1985, ha due bambini avuti da sua moglie Silvia, Bianca [&hellip;]<\/p>\n","protected":false},"author":5,"featured_media":18818,"comment_status":"closed","ping_status":"closed","sticky":false,"template":"","format":"standard","meta":{"_uag_custom_page_level_css":"","_exactmetrics_skip_tracking":false,"_exactmetrics_sitenote_active":false,"_exactmetrics_sitenote_note":"","_exactmetrics_sitenote_category":0,"site-sidebar-layout":"default","site-content-layout":"","ast-site-content-layout":"default","site-content-style":"default","site-sidebar-style":"default","ast-global-header-display":"","ast-banner-title-visibility":"","ast-main-header-display":"","ast-hfb-above-header-display":"","ast-hfb-below-header-display":"","ast-hfb-mobile-header-display":"","site-post-title":"","ast-breadcrumbs-content":"","ast-featured-img":"","footer-sml-layout":"","ast-disable-related-posts":"","theme-transparent-header-meta":"","adv-header-id-meta":"","stick-header-meta":"","header-above-stick-meta":"","header-main-stick-meta":"","header-below-stick-meta":"","astra-migrate-meta-layouts":"default","ast-page-background-enabled":"default","ast-page-background-meta":{"desktop":{"background-color":"var(--ast-global-color-4)","background-image":"","background-repeat":"repeat","background-position":"center center","background-size":"auto","background-attachment":"scroll","background-type":"","background-media":"","overlay-type":"","overlay-color":"","overlay-opacity":"","overlay-gradient":""},"tablet":{"background-color":"","background-image":"","background-repeat":"repeat","background-position":"center center","background-size":"auto","background-attachment":"scroll","background-type":"","background-media":"","overlay-type":"","overlay-color":"","overlay-opacity":"","overlay-gradient":""},"mobile":{"background-color":"","background-image":"","background-repeat":"repeat","background-position":"center center","background-size":"auto","background-attachment":"scroll","background-type":"","background-media":"","overlay-type":"","overlay-color":"","overlay-opacity":"","overlay-gradient":""}},"ast-content-background-meta":{"desktop":{"background-color":"var(--ast-global-color-5)","background-image":"","background-repeat":"repeat","background-position":"center center","background-size":"auto","background-attachment":"scroll","background-type":"","background-media":"","overlay-type":"","overlay-color":"","overlay-opacity":"","overlay-gradient":""},"tablet":{"background-color":"var(--ast-global-color-5)","background-image":"","background-repeat":"repeat","background-position":"center center","background-size":"auto","background-attachment":"scroll","background-type":"","background-media":"","overlay-type":"","overlay-color":"","overlay-opacity":"","overlay-gradient":""},"mobile":{"background-color":"var(--ast-global-color-5)","background-image":"","background-repeat":"repeat","background-position":"center center","background-size":"auto","background-attachment":"scroll","background-type":"","background-media":"","overlay-type":"","overlay-color":"","overlay-opacity":"","overlay-gradient":""}},"footnotes":""},"categories":[34],"tags":[],"class_list":["post-18785","post","type-post","status-publish","format-standard","has-post-thumbnail","hentry","category-news"],"yoast_head":"<!-- This site is optimized with the Yoast SEO plugin v27.5 - https:\/\/yoast.com\/product\/yoast-seo-wordpress\/ -->\n<title>Conosciamo Ceddu, un pezzo di storia Capitolina - Unione Rugby Capitolina - Il Rugby a Roma dal 1996<\/title>\n<meta name=\"robots\" content=\"index, follow, max-snippet:-1, max-image-preview:large, max-video-preview:-1\" \/>\n<link rel=\"canonical\" href=\"https:\/\/www.capitolina.com\/wp\/conosciamo-ceddu-un-pezzo-di-storia-capitolina\/\" \/>\n<meta property=\"og:locale\" content=\"it_IT\" \/>\n<meta property=\"og:type\" content=\"article\" \/>\n<meta property=\"og:title\" content=\"Conosciamo Ceddu, un pezzo di storia Capitolina - Unione Rugby Capitolina - Il Rugby a Roma dal 1996\" \/>\n<meta property=\"og:description\" content=\"Cesare Marrucci detto \u201cCeddu\u201d nasce a Roma il primo febbraio 1985, ha due bambini avuti da sua moglie Silvia, Bianca [&hellip;]\" \/>\n<meta property=\"og:url\" content=\"https:\/\/www.capitolina.com\/wp\/conosciamo-ceddu-un-pezzo-di-storia-capitolina\/\" \/>\n<meta property=\"og:site_name\" content=\"Unione Rugby Capitolina - Il Rugby a Roma dal 1996\" \/>\n<meta property=\"article:published_time\" content=\"2020-11-20T09:47:21+00:00\" \/>\n<meta property=\"article:modified_time\" content=\"2020-11-21T17:00:38+00:00\" \/>\n<meta property=\"og:image\" content=\"https:\/\/www.capitolina.com\/wp\/wp-content\/uploads\/2020\/11\/Intervista-Cesare-Marrucci-Unione-Rugby-Capitolina-18.jpg\" \/>\n\t<meta property=\"og:image:width\" content=\"460\" \/>\n\t<meta property=\"og:image:height\" content=\"500\" \/>\n\t<meta property=\"og:image:type\" content=\"image\/jpeg\" \/>\n<meta name=\"author\" content=\"Alessandro Martire\" \/>\n<meta name=\"twitter:card\" content=\"summary_large_image\" \/>\n<meta name=\"twitter:label1\" content=\"Scritto da\" \/>\n\t<meta name=\"twitter:data1\" content=\"Alessandro Martire\" \/>\n\t<meta name=\"twitter:label2\" content=\"Tempo di lettura stimato\" \/>\n\t<meta name=\"twitter:data2\" content=\"7 minuti\" \/>\n<script type=\"application\/ld+json\" class=\"yoast-schema-graph\">{\"@context\":\"https:\\\/\\\/schema.org\",\"@graph\":[{\"@type\":\"Article\",\"@id\":\"https:\\\/\\\/www.capitolina.com\\\/wp\\\/conosciamo-ceddu-un-pezzo-di-storia-capitolina\\\/#article\",\"isPartOf\":{\"@id\":\"https:\\\/\\\/www.capitolina.com\\\/wp\\\/conosciamo-ceddu-un-pezzo-di-storia-capitolina\\\/\"},\"author\":{\"name\":\"Alessandro Martire\",\"@id\":\"https:\\\/\\\/www.capitolina.com\\\/wp\\\/#\\\/schema\\\/person\\\/0dd0670ab7d4379c9388811c4635545f\"},\"headline\":\"Conosciamo Ceddu, un pezzo di storia Capitolina\",\"datePublished\":\"2020-11-20T09:47:21+00:00\",\"dateModified\":\"2020-11-21T17:00:38+00:00\",\"mainEntityOfPage\":{\"@id\":\"https:\\\/\\\/www.capitolina.com\\\/wp\\\/conosciamo-ceddu-un-pezzo-di-storia-capitolina\\\/\"},\"wordCount\":1356,\"publisher\":{\"@id\":\"https:\\\/\\\/www.capitolina.com\\\/wp\\\/#organization\"},\"image\":{\"@id\":\"https:\\\/\\\/www.capitolina.com\\\/wp\\\/conosciamo-ceddu-un-pezzo-di-storia-capitolina\\\/#primaryimage\"},\"thumbnailUrl\":\"https:\\\/\\\/www.capitolina.com\\\/wp\\\/wp-content\\\/uploads\\\/2020\\\/11\\\/Intervista-Cesare-Marrucci-Unione-Rugby-Capitolina-18.jpg\",\"articleSection\":[\"News\"],\"inLanguage\":\"it-IT\"},{\"@type\":\"WebPage\",\"@id\":\"https:\\\/\\\/www.capitolina.com\\\/wp\\\/conosciamo-ceddu-un-pezzo-di-storia-capitolina\\\/\",\"url\":\"https:\\\/\\\/www.capitolina.com\\\/wp\\\/conosciamo-ceddu-un-pezzo-di-storia-capitolina\\\/\",\"name\":\"Conosciamo Ceddu, un pezzo di storia Capitolina - Unione Rugby Capitolina - Il Rugby a Roma dal 1996\",\"isPartOf\":{\"@id\":\"https:\\\/\\\/www.capitolina.com\\\/wp\\\/#website\"},\"primaryImageOfPage\":{\"@id\":\"https:\\\/\\\/www.capitolina.com\\\/wp\\\/conosciamo-ceddu-un-pezzo-di-storia-capitolina\\\/#primaryimage\"},\"image\":{\"@id\":\"https:\\\/\\\/www.capitolina.com\\\/wp\\\/conosciamo-ceddu-un-pezzo-di-storia-capitolina\\\/#primaryimage\"},\"thumbnailUrl\":\"https:\\\/\\\/www.capitolina.com\\\/wp\\\/wp-content\\\/uploads\\\/2020\\\/11\\\/Intervista-Cesare-Marrucci-Unione-Rugby-Capitolina-18.jpg\",\"datePublished\":\"2020-11-20T09:47:21+00:00\",\"dateModified\":\"2020-11-21T17:00:38+00:00\",\"breadcrumb\":{\"@id\":\"https:\\\/\\\/www.capitolina.com\\\/wp\\\/conosciamo-ceddu-un-pezzo-di-storia-capitolina\\\/#breadcrumb\"},\"inLanguage\":\"it-IT\",\"potentialAction\":[{\"@type\":\"ReadAction\",\"target\":[\"https:\\\/\\\/www.capitolina.com\\\/wp\\\/conosciamo-ceddu-un-pezzo-di-storia-capitolina\\\/\"]}]},{\"@type\":\"ImageObject\",\"inLanguage\":\"it-IT\",\"@id\":\"https:\\\/\\\/www.capitolina.com\\\/wp\\\/conosciamo-ceddu-un-pezzo-di-storia-capitolina\\\/#primaryimage\",\"url\":\"https:\\\/\\\/www.capitolina.com\\\/wp\\\/wp-content\\\/uploads\\\/2020\\\/11\\\/Intervista-Cesare-Marrucci-Unione-Rugby-Capitolina-18.jpg\",\"contentUrl\":\"https:\\\/\\\/www.capitolina.com\\\/wp\\\/wp-content\\\/uploads\\\/2020\\\/11\\\/Intervista-Cesare-Marrucci-Unione-Rugby-Capitolina-18.jpg\",\"width\":460,\"height\":500},{\"@type\":\"BreadcrumbList\",\"@id\":\"https:\\\/\\\/www.capitolina.com\\\/wp\\\/conosciamo-ceddu-un-pezzo-di-storia-capitolina\\\/#breadcrumb\",\"itemListElement\":[{\"@type\":\"ListItem\",\"position\":1,\"name\":\"Home\",\"item\":\"https:\\\/\\\/www.capitolina.com\\\/wp\\\/\"},{\"@type\":\"ListItem\",\"position\":2,\"name\":\"Conosciamo Ceddu, un pezzo di storia Capitolina\"}]},{\"@type\":\"WebSite\",\"@id\":\"https:\\\/\\\/www.capitolina.com\\\/wp\\\/#website\",\"url\":\"https:\\\/\\\/www.capitolina.com\\\/wp\\\/\",\"name\":\"Unione Rugby Capitolina - Il Rugby a Roma dal 1996\",\"description\":\"Il Rugby a Roma dal 1996\",\"publisher\":{\"@id\":\"https:\\\/\\\/www.capitolina.com\\\/wp\\\/#organization\"},\"potentialAction\":[{\"@type\":\"SearchAction\",\"target\":{\"@type\":\"EntryPoint\",\"urlTemplate\":\"https:\\\/\\\/www.capitolina.com\\\/wp\\\/?s={search_term_string}\"},\"query-input\":{\"@type\":\"PropertyValueSpecification\",\"valueRequired\":true,\"valueName\":\"search_term_string\"}}],\"inLanguage\":\"it-IT\"},{\"@type\":\"Organization\",\"@id\":\"https:\\\/\\\/www.capitolina.com\\\/wp\\\/#organization\",\"name\":\"Unione Rugby Capitolina\",\"url\":\"https:\\\/\\\/www.capitolina.com\\\/wp\\\/\",\"logo\":{\"@type\":\"ImageObject\",\"inLanguage\":\"it-IT\",\"@id\":\"https:\\\/\\\/www.capitolina.com\\\/wp\\\/#\\\/schema\\\/logo\\\/image\\\/\",\"url\":\"https:\\\/\\\/www.capitolina.com\\\/wp\\\/wp-content\\\/uploads\\\/2019\\\/09\\\/Logo-URC-tondo-copy2.png\",\"contentUrl\":\"https:\\\/\\\/www.capitolina.com\\\/wp\\\/wp-content\\\/uploads\\\/2019\\\/09\\\/Logo-URC-tondo-copy2.png\",\"width\":360,\"height\":360,\"caption\":\"Unione Rugby Capitolina\"},\"image\":{\"@id\":\"https:\\\/\\\/www.capitolina.com\\\/wp\\\/#\\\/schema\\\/logo\\\/image\\\/\"}},{\"@type\":\"Person\",\"@id\":\"https:\\\/\\\/www.capitolina.com\\\/wp\\\/#\\\/schema\\\/person\\\/0dd0670ab7d4379c9388811c4635545f\",\"name\":\"Alessandro Martire\",\"image\":{\"@type\":\"ImageObject\",\"inLanguage\":\"it-IT\",\"@id\":\"https:\\\/\\\/secure.gravatar.com\\\/avatar\\\/22223e1861dffde7f48d885f9c472f4e36a80800253f17b54d61a202ae8386bf?s=96&d=mm&r=g\",\"url\":\"https:\\\/\\\/secure.gravatar.com\\\/avatar\\\/22223e1861dffde7f48d885f9c472f4e36a80800253f17b54d61a202ae8386bf?s=96&d=mm&r=g\",\"contentUrl\":\"https:\\\/\\\/secure.gravatar.com\\\/avatar\\\/22223e1861dffde7f48d885f9c472f4e36a80800253f17b54d61a202ae8386bf?s=96&d=mm&r=g\",\"caption\":\"Alessandro Martire\"},\"url\":\"https:\\\/\\\/www.capitolina.com\\\/wp\\\/author\\\/alessandro-martire\\\/\"}]}<\/script>\n<!-- \/ Yoast SEO plugin. -->","yoast_head_json":{"title":"Conosciamo Ceddu, un pezzo di storia Capitolina - Unione Rugby Capitolina - Il Rugby a Roma dal 1996","robots":{"index":"index","follow":"follow","max-snippet":"max-snippet:-1","max-image-preview":"max-image-preview:large","max-video-preview":"max-video-preview:-1"},"canonical":"https:\/\/www.capitolina.com\/wp\/conosciamo-ceddu-un-pezzo-di-storia-capitolina\/","og_locale":"it_IT","og_type":"article","og_title":"Conosciamo Ceddu, un pezzo di storia Capitolina - Unione Rugby Capitolina - Il Rugby a Roma dal 1996","og_description":"Cesare Marrucci detto \u201cCeddu\u201d nasce a Roma il primo febbraio 1985, ha due bambini avuti da sua moglie Silvia, Bianca [&hellip;]","og_url":"https:\/\/www.capitolina.com\/wp\/conosciamo-ceddu-un-pezzo-di-storia-capitolina\/","og_site_name":"Unione Rugby Capitolina - Il Rugby a Roma dal 1996","article_published_time":"2020-11-20T09:47:21+00:00","article_modified_time":"2020-11-21T17:00:38+00:00","og_image":[{"width":460,"height":500,"url":"https:\/\/www.capitolina.com\/wp\/wp-content\/uploads\/2020\/11\/Intervista-Cesare-Marrucci-Unione-Rugby-Capitolina-18.jpg","type":"image\/jpeg"}],"author":"Alessandro Martire","twitter_card":"summary_large_image","twitter_misc":{"Scritto da":"Alessandro Martire","Tempo di lettura stimato":"7 minuti"},"schema":{"@context":"https:\/\/schema.org","@graph":[{"@type":"Article","@id":"https:\/\/www.capitolina.com\/wp\/conosciamo-ceddu-un-pezzo-di-storia-capitolina\/#article","isPartOf":{"@id":"https:\/\/www.capitolina.com\/wp\/conosciamo-ceddu-un-pezzo-di-storia-capitolina\/"},"author":{"name":"Alessandro Martire","@id":"https:\/\/www.capitolina.com\/wp\/#\/schema\/person\/0dd0670ab7d4379c9388811c4635545f"},"headline":"Conosciamo Ceddu, un pezzo di storia Capitolina","datePublished":"2020-11-20T09:47:21+00:00","dateModified":"2020-11-21T17:00:38+00:00","mainEntityOfPage":{"@id":"https:\/\/www.capitolina.com\/wp\/conosciamo-ceddu-un-pezzo-di-storia-capitolina\/"},"wordCount":1356,"publisher":{"@id":"https:\/\/www.capitolina.com\/wp\/#organization"},"image":{"@id":"https:\/\/www.capitolina.com\/wp\/conosciamo-ceddu-un-pezzo-di-storia-capitolina\/#primaryimage"},"thumbnailUrl":"https:\/\/www.capitolina.com\/wp\/wp-content\/uploads\/2020\/11\/Intervista-Cesare-Marrucci-Unione-Rugby-Capitolina-18.jpg","articleSection":["News"],"inLanguage":"it-IT"},{"@type":"WebPage","@id":"https:\/\/www.capitolina.com\/wp\/conosciamo-ceddu-un-pezzo-di-storia-capitolina\/","url":"https:\/\/www.capitolina.com\/wp\/conosciamo-ceddu-un-pezzo-di-storia-capitolina\/","name":"Conosciamo Ceddu, un pezzo di storia Capitolina - Unione Rugby Capitolina - Il Rugby a Roma dal 1996","isPartOf":{"@id":"https:\/\/www.capitolina.com\/wp\/#website"},"primaryImageOfPage":{"@id":"https:\/\/www.capitolina.com\/wp\/conosciamo-ceddu-un-pezzo-di-storia-capitolina\/#primaryimage"},"image":{"@id":"https:\/\/www.capitolina.com\/wp\/conosciamo-ceddu-un-pezzo-di-storia-capitolina\/#primaryimage"},"thumbnailUrl":"https:\/\/www.capitolina.com\/wp\/wp-content\/uploads\/2020\/11\/Intervista-Cesare-Marrucci-Unione-Rugby-Capitolina-18.jpg","datePublished":"2020-11-20T09:47:21+00:00","dateModified":"2020-11-21T17:00:38+00:00","breadcrumb":{"@id":"https:\/\/www.capitolina.com\/wp\/conosciamo-ceddu-un-pezzo-di-storia-capitolina\/#breadcrumb"},"inLanguage":"it-IT","potentialAction":[{"@type":"ReadAction","target":["https:\/\/www.capitolina.com\/wp\/conosciamo-ceddu-un-pezzo-di-storia-capitolina\/"]}]},{"@type":"ImageObject","inLanguage":"it-IT","@id":"https:\/\/www.capitolina.com\/wp\/conosciamo-ceddu-un-pezzo-di-storia-capitolina\/#primaryimage","url":"https:\/\/www.capitolina.com\/wp\/wp-content\/uploads\/2020\/11\/Intervista-Cesare-Marrucci-Unione-Rugby-Capitolina-18.jpg","contentUrl":"https:\/\/www.capitolina.com\/wp\/wp-content\/uploads\/2020\/11\/Intervista-Cesare-Marrucci-Unione-Rugby-Capitolina-18.jpg","width":460,"height":500},{"@type":"BreadcrumbList","@id":"https:\/\/www.capitolina.com\/wp\/conosciamo-ceddu-un-pezzo-di-storia-capitolina\/#breadcrumb","itemListElement":[{"@type":"ListItem","position":1,"name":"Home","item":"https:\/\/www.capitolina.com\/wp\/"},{"@type":"ListItem","position":2,"name":"Conosciamo Ceddu, un pezzo di storia Capitolina"}]},{"@type":"WebSite","@id":"https:\/\/www.capitolina.com\/wp\/#website","url":"https:\/\/www.capitolina.com\/wp\/","name":"Unione Rugby Capitolina - Il Rugby a Roma dal 1996","description":"Il Rugby a Roma dal 1996","publisher":{"@id":"https:\/\/www.capitolina.com\/wp\/#organization"},"potentialAction":[{"@type":"SearchAction","target":{"@type":"EntryPoint","urlTemplate":"https:\/\/www.capitolina.com\/wp\/?s={search_term_string}"},"query-input":{"@type":"PropertyValueSpecification","valueRequired":true,"valueName":"search_term_string"}}],"inLanguage":"it-IT"},{"@type":"Organization","@id":"https:\/\/www.capitolina.com\/wp\/#organization","name":"Unione Rugby Capitolina","url":"https:\/\/www.capitolina.com\/wp\/","logo":{"@type":"ImageObject","inLanguage":"it-IT","@id":"https:\/\/www.capitolina.com\/wp\/#\/schema\/logo\/image\/","url":"https:\/\/www.capitolina.com\/wp\/wp-content\/uploads\/2019\/09\/Logo-URC-tondo-copy2.png","contentUrl":"https:\/\/www.capitolina.com\/wp\/wp-content\/uploads\/2019\/09\/Logo-URC-tondo-copy2.png","width":360,"height":360,"caption":"Unione Rugby Capitolina"},"image":{"@id":"https:\/\/www.capitolina.com\/wp\/#\/schema\/logo\/image\/"}},{"@type":"Person","@id":"https:\/\/www.capitolina.com\/wp\/#\/schema\/person\/0dd0670ab7d4379c9388811c4635545f","name":"Alessandro Martire","image":{"@type":"ImageObject","inLanguage":"it-IT","@id":"https:\/\/secure.gravatar.com\/avatar\/22223e1861dffde7f48d885f9c472f4e36a80800253f17b54d61a202ae8386bf?s=96&d=mm&r=g","url":"https:\/\/secure.gravatar.com\/avatar\/22223e1861dffde7f48d885f9c472f4e36a80800253f17b54d61a202ae8386bf?s=96&d=mm&r=g","contentUrl":"https:\/\/secure.gravatar.com\/avatar\/22223e1861dffde7f48d885f9c472f4e36a80800253f17b54d61a202ae8386bf?s=96&d=mm&r=g","caption":"Alessandro Martire"},"url":"https:\/\/www.capitolina.com\/wp\/author\/alessandro-martire\/"}]}},"uagb_featured_image_src":{"full":["https:\/\/www.capitolina.com\/wp\/wp-content\/uploads\/2020\/11\/Intervista-Cesare-Marrucci-Unione-Rugby-Capitolina-18.jpg",460,500,false],"thumbnail":["https:\/\/www.capitolina.com\/wp\/wp-content\/uploads\/2020\/11\/Intervista-Cesare-Marrucci-Unione-Rugby-Capitolina-18-150x150.jpg",150,150,true],"medium":["https:\/\/www.capitolina.com\/wp\/wp-content\/uploads\/2020\/11\/Intervista-Cesare-Marrucci-Unione-Rugby-Capitolina-18-276x300.jpg",276,300,true],"medium_large":["https:\/\/www.capitolina.com\/wp\/wp-content\/uploads\/2020\/11\/Intervista-Cesare-Marrucci-Unione-Rugby-Capitolina-18.jpg",460,500,false],"large":["https:\/\/www.capitolina.com\/wp\/wp-content\/uploads\/2020\/11\/Intervista-Cesare-Marrucci-Unione-Rugby-Capitolina-18.jpg",460,500,false],"1536x1536":["https:\/\/www.capitolina.com\/wp\/wp-content\/uploads\/2020\/11\/Intervista-Cesare-Marrucci-Unione-Rugby-Capitolina-18.jpg",460,500,false],"2048x2048":["https:\/\/www.capitolina.com\/wp\/wp-content\/uploads\/2020\/11\/Intervista-Cesare-Marrucci-Unione-Rugby-Capitolina-18.jpg",460,500,false],"mailpoet_newsletter_max":["https:\/\/www.capitolina.com\/wp\/wp-content\/uploads\/2020\/11\/Intervista-Cesare-Marrucci-Unione-Rugby-Capitolina-18.jpg",460,500,false]},"uagb_author_info":{"display_name":"Alessandro Martire","author_link":"https:\/\/www.capitolina.com\/wp\/author\/alessandro-martire\/"},"uagb_comment_info":0,"uagb_excerpt":"Cesare Marrucci detto \u201cCeddu\u201d nasce a Roma il primo febbraio 1985, ha due bambini avuti da sua moglie Silvia, Bianca [&hellip;]","_links":{"self":[{"href":"https:\/\/www.capitolina.com\/wp\/wp-json\/wp\/v2\/posts\/18785","targetHints":{"allow":["GET"]}}],"collection":[{"href":"https:\/\/www.capitolina.com\/wp\/wp-json\/wp\/v2\/posts"}],"about":[{"href":"https:\/\/www.capitolina.com\/wp\/wp-json\/wp\/v2\/types\/post"}],"author":[{"embeddable":true,"href":"https:\/\/www.capitolina.com\/wp\/wp-json\/wp\/v2\/users\/5"}],"replies":[{"embeddable":true,"href":"https:\/\/www.capitolina.com\/wp\/wp-json\/wp\/v2\/comments?post=18785"}],"version-history":[{"count":11,"href":"https:\/\/www.capitolina.com\/wp\/wp-json\/wp\/v2\/posts\/18785\/revisions"}],"predecessor-version":[{"id":18820,"href":"https:\/\/www.capitolina.com\/wp\/wp-json\/wp\/v2\/posts\/18785\/revisions\/18820"}],"wp:featuredmedia":[{"embeddable":true,"href":"https:\/\/www.capitolina.com\/wp\/wp-json\/wp\/v2\/media\/18818"}],"wp:attachment":[{"href":"https:\/\/www.capitolina.com\/wp\/wp-json\/wp\/v2\/media?parent=18785"}],"wp:term":[{"taxonomy":"category","embeddable":true,"href":"https:\/\/www.capitolina.com\/wp\/wp-json\/wp\/v2\/categories?post=18785"},{"taxonomy":"post_tag","embeddable":true,"href":"https:\/\/www.capitolina.com\/wp\/wp-json\/wp\/v2\/tags?post=18785"}],"curies":[{"name":"wp","href":"https:\/\/api.w.org\/{rel}","templated":true}]}}